{"id":302350,"date":"2025-08-07T08:52:16","date_gmt":"2025-08-07T08:52:16","guid":{"rendered":"https:\/\/www.europesays.com\/fr\/302350\/"},"modified":"2025-08-07T08:52:16","modified_gmt":"2025-08-07T08:52:16","slug":"roubaix-aime-le-graff-agnes-b-expose-a-la-piscine","status":"publish","type":"post","link":"https:\/\/www.europesays.com\/fr\/302350\/","title":{"rendered":"Roubaix aime le graff : agn\u00e8s b. expose \u00e0 La Piscine"},"content":{"rendered":"<p class=\"introduction\">Le mus\u00e9e La Piscine de Roubaix accueille jusqu\u2019au 1er juin 2025 une exposition exceptionnelle : Rodin\/Bourdelle. Corps \u00e0 corps. Cette r\u00e9trospective in\u00e9dite met en lumi\u00e8re la relation fascinante entre Auguste Rodin (1840-1917) et Antoine Bourdelle (1861-1929), deux figures incontournables de la sculpture moderne.<\/p>\n<p data-start=\"719\" data-end=\"902\">Jusqu\u2019au 11 janvier 2026, le mus\u00e9e La Piscine accueille <strong data-start=\"775\" data-end=\"809\">agn\u00e8s b. \u2013 On aime le graff !!<\/strong>, une exposition haute en couleurs qui rend hommage \u00e0 <strong data-start=\"863\" data-end=\"901\">40 ans de passion pour le graffiti<\/strong>.<\/p>\n<p data-start=\"904\" data-end=\"1179\">Styliste, collectionneuse et pionni\u00e8re dans la reconnaissance du street art, <strong data-start=\"981\" data-end=\"993\">agn\u00e8s b.<\/strong> a rassembl\u00e9 une impressionnante s\u00e9lection d\u2019\u0153uvres et de v\u00eatements issus de ses archives, en lien avec des artistes majeurs de la sc\u00e8ne urbaine : <strong data-start=\"1140\" data-end=\"1178\">JonOne, Futura, Mambo, Lek &amp; Sowat<\/strong>\u2026<\/p>\n<p data-start=\"1181\" data-end=\"1422\">Dans les salles temporaires du mus\u00e9e, <strong data-start=\"1219\" data-end=\"1259\">l\u2019art des rues dialogue avec la mode<\/strong>, entre engagement, \u00e9nergie cr\u00e9ative et hommage \u00e0 la culture hip-hop. Un accrochage vibrant, en lien avec le festival <strong data-start=\"1377\" data-end=\"1385\">URBX<\/strong>, \u00e0 ne pas manquer cet \u00e9t\u00e9 \u00e0 Roubaix.<\/p>\n<p data-start=\"1424\" data-end=\"1496\">\ud83d\udcf8 <strong data-start=\"1427\" data-end=\"1474\">D\u00e9couvrez l\u2019album photo de l\u2019exposition<\/strong><\/p>\n<p data-start=\"2599\" data-end=\"2961\">Cr\u00e9dits photos : Ana\u00efs Gadeau, service communication Ville de Roubaix<\/p>\n","protected":false},"excerpt":{"rendered":"Le mus\u00e9e La Piscine de Roubaix accueille jusqu\u2019au 1er juin 2025 une exposition exceptionnelle : Rodin\/Bourdelle. Corps \u00e0&hellip;\n","protected":false},"author":2,"featured_media":302351,"comment_status":"","ping_status":"","sticky":false,"template":"","format":"standard","meta":{"footnotes":""},"categories":[2815],"tags":[1111,11,34922,251,1777,674,3293,1011,27,811,1307,14387,12,44253,25],"class_list":{"0":"post-302350","1":"post","2":"type-post","3":"status-publish","4":"format-standard","5":"has-post-thumbnail","7":"category-lille","8":"tag-actu","9":"tag-actualites","10":"tag-agnes-b","11":"tag-culture","12":"tag-eu","13":"tag-europe","14":"tag-exposition","15":"tag-fr","16":"tag-france","17":"tag-hauts-de-france","18":"tag-lille","19":"tag-musee-la-piscine","20":"tag-news","21":"tag-on-aime-le-graff","22":"tag-republique-francaise"},"share_on_mastodon":{"url":"https:\/\/pubeurope.com\/@fr\/114986637273951924","error":""},"_links":{"self":[{"href":"https:\/\/www.europesays.com\/fr\/wp-json\/wp\/v2\/posts\/302350","targetHints":{"allow":["GET"]}}],"collection":[{"href":"https:\/\/www.europesays.com\/fr\/wp-json\/wp\/v2\/posts"}],"about":[{"href":"https:\/\/www.europesays.com\/fr\/wp-json\/wp\/v2\/types\/post"}],"author":[{"embeddable":true,"href":"https:\/\/www.europesays.com\/fr\/wp-json\/wp\/v2\/users\/2"}],"replies":[{"embeddable":true,"href":"https:\/\/www.europesays.com\/fr\/wp-json\/wp\/v2\/comments?post=302350"}],"version-history":[{"count":0,"href":"https:\/\/www.europesays.com\/fr\/wp-json\/wp\/v2\/posts\/302350\/revisions"}],"wp:featuredmedia":[{"embeddable":true,"href":"https:\/\/www.europesays.com\/fr\/wp-json\/wp\/v2\/media\/302351"}],"wp:attachment":[{"href":"https:\/\/www.europesays.com\/fr\/wp-json\/wp\/v2\/media?parent=302350"}],"wp:term":[{"taxonomy":"category","embeddable":true,"href":"https:\/\/www.europesays.com\/fr\/wp-json\/wp\/v2\/categories?post=302350"},{"taxonomy":"post_tag","embeddable":true,"href":"https:\/\/www.europesays.com\/fr\/wp-json\/wp\/v2\/tags?post=302350"}],"curies":[{"name":"wp","href":"https:\/\/api.w.org\/{rel}","templated":true}]}}