{"id":302352,"date":"2025-08-07T08:53:10","date_gmt":"2025-08-07T08:53:10","guid":{"rendered":"https:\/\/www.europesays.com\/fr\/302352\/"},"modified":"2025-08-07T08:53:10","modified_gmt":"2025-08-07T08:53:10","slug":"en-video-olivier-giroud-marque-deja-les-esprits-avec-un-double-sous-le-maillot-de-lille","status":"publish","type":"post","link":"https:\/\/www.europesays.com\/fr\/302352\/","title":{"rendered":"en vid\u00e9o, Olivier Giroud marque d\u00e9j\u00e0 les esprits avec un doubl\u00e9 sous le maillot de Lille"},"content":{"rendered":"<p>L\u2019attaquant international fran\u00e7ais, champion du monde en 2018, a inscrit un doubl\u00e9 ce mercredi pour son deuxi\u00e8me match avec Lille contre Venise en amical.<\/p>\n<p class=\"fig-paragraph\">Une deuxi\u00e8me apparition et un doubl\u00e9.\u00a0<a href=\"http:\/\/www.lefigaro.fr\/sports\/football\/ligue-1\/olivier-giroud-a-lille-et-de-retour-en-ligue-1-est-ce-une-bonne-idee-la-redaction-du-figaro-n-est-pas-d-accord-20250703\" data-fig-type=\"NewsFlash\" data-gtm-custom-categorie=\"navigation\" data-gtm-custom-action=\"crossclick\" data-gtm-custom-label=\"Contextuel\" data-gtm-event=\"customEventSPE\" data-fig-domain=\"LEFIGARO\" target=\"_blank\" rel=\"noopener\">Olivier Giroud<\/a>\u00a0a disput\u00e9 son deuxi\u00e8me match sous le Maillot de\u00a0<a href=\"http:\/\/www.lefigaro.fr\/sports\/football\/ligue-1\/amical-olivier-giroud-marque-ses-deux-premiers-buts-avec-lille-contre-venise-20250806\" data-fig-type=\"NewsFlash\" data-gtm-custom-categorie=\"navigation\" data-gtm-custom-action=\"crossclick\" data-gtm-custom-label=\"Contextuel\" data-gtm-event=\"customEventSPE\" data-fig-domain=\"LEFIGARO\" target=\"_blank\" rel=\"noopener\">Lille<\/a>\u00a0ce mercredi contre Venise, club de Serie B italienne, en amical. L\u2019international fran\u00e7ais a brill\u00e9, en inscrivant un doubl\u00e9 en moins de 20 minutes (20e, 37e).<\/p>\n<p class=\"fig-paragraph\">\u00abC\u2019est toujours important pour un attaquant de marquer, souligne Genesio. Physiquement, il a besoin de retrouver du rythme, mais \u00e0 l\u2019entra\u00eenement, il est bien. On est content de le voir marquer, c\u2019est encourageant. Apr\u00e8s on a jou\u00e9 une \u00e9quipe de Serie B, donc il faut relativiser par rapport \u00e0 l\u2019opposition\u00bb, rapportait son entra\u00eeneur Bruno Genesio \u00e0 l\u2019issue de la rencontre.<\/p>\n<p>                                    <a class=\"fig-a11y-skip a11y-hidden\" href=\"#fig-a11y-skip-main-inarticle\"><br \/>\n        Passer la publicit\u00e9<br \/>\n    <\/a><\/p>\n<p class=\"fig-paragraph\">Le meilleur buteur de l\u2019histoire des Bleus \u00e9tait sorti frustr\u00e9 de sa premi\u00e8re apparition il y a quelques jours contre le Borussia Dortmund (3-2). Cette fois-ci, il est mont\u00e9 en puissance.<\/p>\n","protected":false},"excerpt":{"rendered":"L\u2019attaquant international fran\u00e7ais, champion du monde en 2018, a inscrit un doubl\u00e9 ce mercredi pour son deuxi\u00e8me match&hellip;\n","protected":false},"author":2,"featured_media":302353,"comment_status":"","ping_status":"","sticky":false,"template":"","format":"standard","meta":{"footnotes":""},"categories":[2815],"tags":[1111,11,64,1777,674,1011,27,811,1307,2267,12,5959,25],"class_list":{"0":"post-302352","1":"post","2":"type-post","3":"status-publish","4":"format-standard","5":"has-post-thumbnail","7":"category-lille","8":"tag-actu","9":"tag-actualites","10":"tag-equipe-de-france","11":"tag-eu","12":"tag-europe","13":"tag-fr","14":"tag-france","15":"tag-hauts-de-france","16":"tag-lille","17":"tag-losc","18":"tag-news","19":"tag-olivier-giroud","20":"tag-republique-francaise"},"share_on_mastodon":{"url":"https:\/\/pubeurope.com\/@fr\/114986641242494216","error":""},"_links":{"self":[{"href":"https:\/\/www.europesays.com\/fr\/wp-json\/wp\/v2\/posts\/302352","targetHints":{"allow":["GET"]}}],"collection":[{"href":"https:\/\/www.europesays.com\/fr\/wp-json\/wp\/v2\/posts"}],"about":[{"href":"https:\/\/www.europesays.com\/fr\/wp-json\/wp\/v2\/types\/post"}],"author":[{"embeddable":true,"href":"https:\/\/www.europesays.com\/fr\/wp-json\/wp\/v2\/users\/2"}],"replies":[{"embeddable":true,"href":"https:\/\/www.europesays.com\/fr\/wp-json\/wp\/v2\/comments?post=302352"}],"version-history":[{"count":0,"href":"https:\/\/www.europesays.com\/fr\/wp-json\/wp\/v2\/posts\/302352\/revisions"}],"wp:featuredmedia":[{"embeddable":true,"href":"https:\/\/www.europesays.com\/fr\/wp-json\/wp\/v2\/media\/302353"}],"wp:attachment":[{"href":"https:\/\/www.europesays.com\/fr\/wp-json\/wp\/v2\/media?parent=302352"}],"wp:term":[{"taxonomy":"category","embeddable":true,"href":"https:\/\/www.europesays.com\/fr\/wp-json\/wp\/v2\/categories?post=302352"},{"taxonomy":"post_tag","embeddable":true,"href":"https:\/\/www.europesays.com\/fr\/wp-json\/wp\/v2\/tags?post=302352"}],"curies":[{"name":"wp","href":"https:\/\/api.w.org\/{rel}","templated":true}]}}