{"id":302356,"date":"2025-08-07T08:55:11","date_gmt":"2025-08-07T08:55:11","guid":{"rendered":"https:\/\/www.europesays.com\/fr\/302356\/"},"modified":"2025-08-07T08:55:11","modified_gmt":"2025-08-07T08:55:11","slug":"plongee-dans-lexposition-oceans-au-museum-dhistoire-naturelle-de-marseille","status":"publish","type":"post","link":"https:\/\/www.europesays.com\/fr\/302356\/","title":{"rendered":"Plong\u00e9e dans l&rsquo;exposition \u00ab\u00a0Oc\u00e9ans\u00a0\u00bb, au Mus\u00e9um d&rsquo;histoire naturelle de Marseille"},"content":{"rendered":"<p>\u00ab\u00a0Les baleines peuvent-elles respirer sous l\u2019eau\u00a0?\u00a0\u00bb La question divise les participants de la visite guid\u00e9e du jour, rassembl\u00e9s devant un imposant squelette de baleine \u00e0 bec, \u00e9chou\u00e9e sur la plage de l\u2019Estaque au XIXe\u00a0si\u00e8cle. La r\u00e9ponse &#8211; n\u00e9gative &#8211; est vite apport\u00e9e par Matthieu Carvin, m\u00e9diateur scientifique au sein du <a href=\"https:\/\/www.laprovence.com\/article\/culture-loisirs\/4796876472677314\/oceans-une-exposition-immersive-et-educative-au-museum-d-histoire-naturelle-de-marseille\" target=\"_blank\" rel=\"noopener\">Mus\u00e9um d\u2019histoire naturelle<\/a> (4e). L\u2019institution publique, situ\u00e9e au c\u0153ur du Palais Longchamp, propose tous les jours de l\u2019\u00e9t\u00e9 deux visites \u00ab\u00a0flash\u00a0\u00bb de l\u2019exposition Oc\u00e9ans, gratuitement. Accessibles <a href=\"https:\/\/etemarseillais.fr\/evenements\/visite-flash-mers-et-oceans\" target=\"_blank\" rel=\"noopener\">sur inscription<\/a> ou directement sur place, ces parcours d\u2019une demi-heure permettent \u00e0 petits et grands d\u2019explorer dans une ambiance tamis\u00e9e la richesse des mers et des oc\u00e9ans.<\/p>\n","protected":false},"excerpt":{"rendered":"\u00ab\u00a0Les baleines peuvent-elles respirer sous l\u2019eau\u00a0?\u00a0\u00bb La question divise les participants de la visite guid\u00e9e du jour, rassembl\u00e9s&hellip;\n","protected":false},"author":2,"featured_media":302357,"comment_status":"","ping_status":"","sticky":false,"template":"","format":"standard","meta":{"footnotes":""},"categories":[2814],"tags":[17,1111,11,24071,1446,1777,674,1011,27,28519,884,38792,24018,12,12687,16252,882,16,25],"class_list":{"0":"post-302356","1":"post","2":"type-post","3":"status-publish","4":"format-standard","5":"has-post-thumbnail","7":"category-marseille","8":"tag-17","9":"tag-actu","10":"tag-actualites","11":"tag-dhistoire","12":"tag-dans","13":"tag-eu","14":"tag-europe","15":"tag-fr","16":"tag-france","17":"tag-lexposition","18":"tag-marseille","19":"tag-museum","20":"tag-naturelle","21":"tag-news","22":"tag-oceans","23":"tag-plongee","24":"tag-provence-alpes-cote-dazur","25":"tag-region","26":"tag-republique-francaise"},"share_on_mastodon":{"url":"https:\/\/pubeurope.com\/@fr\/114986649092563399","error":""},"_links":{"self":[{"href":"https:\/\/www.europesays.com\/fr\/wp-json\/wp\/v2\/posts\/302356","targetHints":{"allow":["GET"]}}],"collection":[{"href":"https:\/\/www.europesays.com\/fr\/wp-json\/wp\/v2\/posts"}],"about":[{"href":"https:\/\/www.europesays.com\/fr\/wp-json\/wp\/v2\/types\/post"}],"author":[{"embeddable":true,"href":"https:\/\/www.europesays.com\/fr\/wp-json\/wp\/v2\/users\/2"}],"replies":[{"embeddable":true,"href":"https:\/\/www.europesays.com\/fr\/wp-json\/wp\/v2\/comments?post=302356"}],"version-history":[{"count":0,"href":"https:\/\/www.europesays.com\/fr\/wp-json\/wp\/v2\/posts\/302356\/revisions"}],"wp:featuredmedia":[{"embeddable":true,"href":"https:\/\/www.europesays.com\/fr\/wp-json\/wp\/v2\/media\/302357"}],"wp:attachment":[{"href":"https:\/\/www.europesays.com\/fr\/wp-json\/wp\/v2\/media?parent=302356"}],"wp:term":[{"taxonomy":"category","embeddable":true,"href":"https:\/\/www.europesays.com\/fr\/wp-json\/wp\/v2\/categories?post=302356"},{"taxonomy":"post_tag","embeddable":true,"href":"https:\/\/www.europesays.com\/fr\/wp-json\/wp\/v2\/tags?post=302356"}],"curies":[{"name":"wp","href":"https:\/\/api.w.org\/{rel}","templated":true}]}}