{"id":302360,"date":"2025-08-07T08:57:14","date_gmt":"2025-08-07T08:57:14","guid":{"rendered":"https:\/\/www.europesays.com\/fr\/302360\/"},"modified":"2025-08-07T08:57:14","modified_gmt":"2025-08-07T08:57:14","slug":"un-incendie-se-declare-dans-un-immeuble-un-homme-retrouve-mort","status":"publish","type":"post","link":"https:\/\/www.europesays.com\/fr\/302360\/","title":{"rendered":"un incendie se d\u00e9clare dans un immeuble, un homme retrouv\u00e9 mort"},"content":{"rendered":"<p>            Par<br \/>\n        <strong><br \/>\n            <a href=\"https:\/\/actu.fr\/auteur\/julien-sournies\" title=\"Consulter tous les articles de Julien Sournies\" target=\"_blank\" rel=\"noopener\">Julien Sournies<\/a><br \/>\n        <\/strong><\/p>\n<p>        Publi\u00e9 le<\/p>\n<p>            7 ao\u00fbt 2025 \u00e0 10h51        <\/p>\n<p>Les sapeurs-pompiers sont intervenus pour un <strong>dramatique incendie<\/strong> survenu t\u00f4t ce jeudi 7 ao\u00fbt au sein d\u2019un appartement d\u2019un immeuble du 64 rue Bonnel, \u00e0 <a href=\"https:\/\/actu.fr\/lyon\/\" target=\"_blank\" rel=\"noopener\">Lyon<\/a> (3e arrondissement).\u00a0<\/p>\n<p class=\" wall-content\">C\u2019est aux alentours de 7h20 que les secours ont \u00e9t\u00e9 alert\u00e9s pour neutraliser l\u2019incendie, dont les flammes \u00e9manaient du premier \u00e9tage d\u2019un appartement.<\/p>\n<p>Un homme \u00e2g\u00e9 retrouv\u00e9 mort<\/p>\n<p class=\" wall-content\">Bien que les flammes aient \u00e9t\u00e9 rapidement \u00e9teintes par les soldats du feu, une personne a \u00e9t\u00e9 retrouv\u00e9e <strong>morte<\/strong> au sein de l\u2019appartement sinistr\u00e9.\u00a0<\/p>\n<p class=\" wall-content\">Selon les informations de notre journaliste sur place, le corps retrouv\u00e9 est celui de Roger, un homme \u00e2g\u00e9 vivant seul dans son appartement. \u00ab\u00a0Une triste nouvelle\u00a0\u00bb, relate une voisine habitant au 4e \u00e9tage, laquelle indique par ailleurs avoir \u00e9t\u00e9 \u00ab\u00a0\u00e9vacu\u00e9e vers 7h30 ce matin\u00a0\u00bb, o\u00f9 elle a \u00ab\u00a0vu de la fum\u00e9e monter par la fen\u00eatre\u00a0\u00bb.<\/p>\n<p>    <a href=\"https:\/\/www.google.com\/maps\/embed?pb=!1m18!1m12!1m3!1d5566.943448832244!2d4.847291274819852!3d45.761735713539544!2m3!1f0!2f0!3f0!3m2!1i1024!2i768!4f13.1!3m3!1m2!1s0x47f4ea5fc4a39b29%3A0xf9e5b39e175e6680!2s64%20Rue%20de%20Bonnel%2C%2069003%20Lyon!5e0!3m2!1sfr!2sfr!4v1754555187934!5m2!1sfr!2sfr\" title=\"Ouvrie le lien\" target=\"_blank\" rel=\"noopener\">Cliquez ici pour visualiser le contenu<\/a><\/p>\n<p>L\u2019origine de l\u2019incendie encore inconnue<\/p>\n<p class=\" wall-content\">En revanche, pour l\u2019heure, l\u2019origine de l\u2019incendie est toujours inconnue \u00e0 ce stade. Les soldats du feu sont toujours sur les lieux, \u00e9paul\u00e9s par la police municipale et nationale. La police scientifique est \u00e9galement sur place afin de proc\u00e9der \u00e0 des relev\u00e9s.<\/p>\n<p>    <img   decoding=\"async\" loading=\"lazy\" src=\"https:\/\/www.europesays.com\/fr\/wp-content\/uploads\/2025\/08\/lyon-feu-960x640.jpg\" alt=\"Un incendie s'est d\u00e9clench\u00e9 au 64 rue Bonnel ce jeudi matin \u00e0 Lyon.\" width=\"960\" height=\"640\"\/><br \/>\n    Un incendie s\u2019est d\u00e9clench\u00e9 au 64 rue Bonnel ce jeudi matin \u00e0 Lyon. (\u00a9Nicolas Zaugra \/ actu Lyon)<\/p>\n<p class=\" wall-content\">Au total, pas moins de 42 pompiers et 16 v\u00e9hicules, ont \u00e9t\u00e9 mobilis\u00e9s au cours de cette intervention.<\/p>\n<p class=\" wall-content\"><strong>Avec Nicolas Zaugra<\/strong><\/p>\n<p class=\" wall-content\">Suivez toute l\u2019actualit\u00e9 de vos villes et m\u00e9dias favoris en vous inscrivant \u00e0 <a href=\"https:\/\/moncompte.actu.fr\" title=\"D\u00e9couvez Mon Actu\" rel=\"nofollow noopener\" data-trk=\"{&quot;cta&quot;:{&quot;action&quot;:&quot;https:\\\/\\\/moncompte.actu.fr&quot;,&quot;category&quot;:&quot;mon compte&quot;,&quot;from&quot;:&quot;article footer&quot;,&quot;name&quot;:&quot;Mon actu&quot;,&quot;type&quot;:&quot;cta&quot;}}\" target=\"_blank\">Mon Actu<\/a>.<\/p>\n","protected":false},"excerpt":{"rendered":"Par Julien Sournies Publi\u00e9 le 7 ao\u00fbt 2025 \u00e0 10h51 Les sapeurs-pompiers sont intervenus pour un dramatique incendie&hellip;\n","protected":false},"author":2,"featured_media":302361,"comment_status":"","ping_status":"","sticky":false,"template":"","format":"standard","meta":{"footnotes":""},"categories":[1889],"tags":[1111,11,2430,1777,674,118,1011,27,1310,2428,12,1311,25],"class_list":{"0":"post-302360","1":"post","2":"type-post","3":"status-publish","4":"format-standard","5":"has-post-thumbnail","7":"category-lyon","8":"tag-actu","9":"tag-actualites","10":"tag-auvergne-rhone-alpes","11":"tag-eu","12":"tag-europe","13":"tag-faits-divers","14":"tag-fr","15":"tag-france","16":"tag-incendie","17":"tag-lyon","18":"tag-news","19":"tag-pompiers","20":"tag-republique-francaise"},"share_on_mastodon":{"url":"https:\/\/pubeurope.com\/@fr\/114986656920059022","error":""},"_links":{"self":[{"href":"https:\/\/www.europesays.com\/fr\/wp-json\/wp\/v2\/posts\/302360","targetHints":{"allow":["GET"]}}],"collection":[{"href":"https:\/\/www.europesays.com\/fr\/wp-json\/wp\/v2\/posts"}],"about":[{"href":"https:\/\/www.europesays.com\/fr\/wp-json\/wp\/v2\/types\/post"}],"author":[{"embeddable":true,"href":"https:\/\/www.europesays.com\/fr\/wp-json\/wp\/v2\/users\/2"}],"replies":[{"embeddable":true,"href":"https:\/\/www.europesays.com\/fr\/wp-json\/wp\/v2\/comments?post=302360"}],"version-history":[{"count":0,"href":"https:\/\/www.europesays.com\/fr\/wp-json\/wp\/v2\/posts\/302360\/revisions"}],"wp:featuredmedia":[{"embeddable":true,"href":"https:\/\/www.europesays.com\/fr\/wp-json\/wp\/v2\/media\/302361"}],"wp:attachment":[{"href":"https:\/\/www.europesays.com\/fr\/wp-json\/wp\/v2\/media?parent=302360"}],"wp:term":[{"taxonomy":"category","embeddable":true,"href":"https:\/\/www.europesays.com\/fr\/wp-json\/wp\/v2\/categories?post=302360"},{"taxonomy":"post_tag","embeddable":true,"href":"https:\/\/www.europesays.com\/fr\/wp-json\/wp\/v2\/tags?post=302360"}],"curies":[{"name":"wp","href":"https:\/\/api.w.org\/{rel}","templated":true}]}}