{"id":302366,"date":"2025-08-07T09:01:11","date_gmt":"2025-08-07T09:01:11","guid":{"rendered":"https:\/\/www.europesays.com\/fr\/302366\/"},"modified":"2025-08-07T09:01:11","modified_gmt":"2025-08-07T09:01:11","slug":"lhomme-qui-a-allume-sa-cigarette-avec-la-flamme-du-soldat-inconnu-va-perdre-son-titre-de-sejour","status":"publish","type":"post","link":"https:\/\/www.europesays.com\/fr\/302366\/","title":{"rendered":"L\u2019homme qui a allum\u00e9 sa cigarette avec la flamme du Soldat inconnu va perdre son titre de s\u00e9jour"},"content":{"rendered":"<p><strong>retour de flamme &#8211; Son geste a suscit\u00e9 l\u2019indignation g\u00e9n\u00e9rale, dont celle du gouvernement<\/strong><\/p>\n<p>Des images qui ont suscit\u00e9 l\u2019indignation sur les <a href=\"https:\/\/www.20minutes.fr\/dossier\/reseaux_sociaux?at_medium=RSS%20feed&amp;at_campaign=ynews&amp;utm_source=yahoo&amp;utm_medium=rss&amp;utm_campaign=news_feed&amp;utm_content=in_article_link\" rel=\"nofollow noopener\" target=\"_blank\" data-ylk=\"slk:r\u00e9seaux sociaux;elm:context_link;itc:0;sec:content-canvas\" class=\"link \">r\u00e9seaux sociaux<\/a>. Et apr\u00e8s le choc, vient la punition. Sur une vid\u00e9o relay\u00e9e mardi par plusieurs comptes sur X, un homme s\u2019accroupit pr\u00e8s de la flamme du Soldat inconnu, sous l\u2019Arc de Triomphe \u00e0 <a href=\"https:\/\/www.20minutes.fr\/paris\/?at_medium=RSS%20feed&amp;at_campaign=ynews&amp;utm_source=yahoo&amp;utm_medium=rss&amp;utm_campaign=news_feed&amp;utm_content=in_article_link\" rel=\"nofollow noopener\" target=\"_blank\" data-ylk=\"slk:Paris;elm:context_link;itc:0;sec:content-canvas\" class=\"link \">Paris<\/a>, <a href=\"https:\/\/www.20minutes.fr\/societe\/4166813-20250805-homme-allume-cigarette-flamme-soldat-inconnu-justice-saisie?at_medium=RSS%20feed&amp;at_campaign=ynews&amp;utm_source=yahoo&amp;utm_medium=rss&amp;utm_campaign=news_feed&amp;utm_content=in_article_link\" rel=\"nofollow noopener\" target=\"_blank\" data-ylk=\"slk:pour y allumer une cigarette;elm:context_link;itc:0;sec:content-canvas\" class=\"link \">pour y allumer une cigarette<\/a> et repart tranquillement, sous le regard de quelques touristes.<\/p>\n<p>Un geste qui a fortement d\u00e9plu place Beauvau. Le titre de s\u00e9jour de l\u2019individu en question va ainsi \u00eatre retir\u00e9, selon l\u2019entourage de <a href=\"https:\/\/www.20minutes.fr\/dossier\/bruno_retailleau?at_medium=RSS%20feed&amp;at_campaign=ynews&amp;utm_source=yahoo&amp;utm_medium=rss&amp;utm_campaign=news_feed&amp;utm_content=in_article_link\" rel=\"nofollow noopener\" target=\"_blank\" data-ylk=\"slk:Bruno Retailleau;elm:context_link;itc:0;sec:content-canvas\" class=\"link \">Bruno Retailleau<\/a> cit\u00e9 par <a href=\"https:\/\/www.tf1info.fr\/justice-faits-divers\/l-homme-qui-a-allume-sa-cigarette-avec-la-flamme-du-soldat-inconnu-va-se-faire-retirer-son-titre-de-sejour-2387302.html?at_medium=RSS%20feed&amp;at_campaign=ynews&amp;utm_source=yahoo&amp;utm_medium=rss&amp;utm_campaign=news_feed&amp;utm_content=in_article_link\" rel=\"nofollow noopener\" target=\"_blank\" data-ylk=\"slk:TF1 Info;elm:context_link;itc:0;sec:content-canvas\" class=\"link \">TF1 Info<\/a>. \u00ab \u00c0 la suite du signalement effectu\u00e9 par le pr\u00e9fet de police \u00bb, le mis en cause \u00ab sera pr\u00e9sent\u00e9 \u00e0 la justice. Ce geste, indigne et mis\u00e9rable, porte atteinte \u00e0 la m\u00e9moire de ceux qui sont morts pour la France \u00bb, avait d\u00e9j\u00e0 pr\u00e9venu le ministre de l\u2019Int\u00e9rieur.<\/p>\n<p>Patricia Mirall\u00e8s, ministre d\u00e9l\u00e9gu\u00e9e charg\u00e9e de la M\u00e9moire et des Anciens Combattants, a \u00e9galement saisi la justice de ces faits, selon un message qu\u2019elle a post\u00e9 sur X, d\u00e9plorant \u00ab un geste d\u2019une ind\u00e9cence inacceptable \u00bb. \u00ab On ne bafoue pas impun\u00e9ment la m\u00e9moire de la France \u00bb, a-t-elle soulign\u00e9.<\/p>\n<p><a href=\"https:\/\/www.20minutes.fr\/societe\/4167008-20250807-paris-homme-allume-cigarette-flamme-soldat-inconnu-va-perdre-titre-sejour?at_medium=RSS%20feed&amp;at_campaign=ynews&amp;utm_source=yahoo&amp;utm_medium=rss&amp;utm_campaign=news_feed&amp;utm_content=read_more_link\" rel=\"nofollow noopener\" target=\"_blank\" data-ylk=\"slk:Lire la suite sur 20minutes;elm:context_link;itc:0;sec:content-canvas\" class=\"link \">Lire la suite sur 20minutes<\/a><\/p>\n<p>\u00c0 lire aussi :<br \/><a href=\"https:\/\/www.20minutes.fr\/societe\/4166813-20250805-homme-allume-cigarette-flamme-soldat-inconnu-justice-saisie?at_medium=RSS%20feed&amp;at_campaign=ynews&amp;utm_source=yahoo&amp;utm_medium=rss&amp;utm_campaign=news_feed&amp;utm_content=related_content_link\" rel=\"nofollow noopener\" target=\"_blank\" data-ylk=\"slk:Un homme allume sa cigarette avec la flamme du Soldat inconnu, la justice saisie;elm:context_link;itc:0;sec:content-canvas\" class=\"link \">Un homme allume sa cigarette avec la flamme du Soldat inconnu, la justice saisie<\/a><br \/><a href=\"https:\/\/www.20minutes.fr\/societe\/4163314-20250714-14-juillet-ouvert-chakras-fait-virage-180-degres-quand-militaires-reconvertissent?at_medium=RSS%20feed&amp;at_campaign=ynews&amp;utm_source=yahoo&amp;utm_medium=rss&amp;utm_campaign=news_feed&amp;utm_content=related_content_link\" rel=\"nofollow noopener\" target=\"_blank\" data-ylk=\"slk:14-Juillet : \u00ab On m\u2019a ouvert les chakras et j\u2019ai fait un virage \u00e0 180 degr\u00e9s \u00bb\u2026 Quand les militaires se reconvertissent;elm:context_link;itc:0;sec:content-canvas\" class=\"link \">14-Juillet : \u00ab On m\u2019a ouvert les chakras et j\u2019ai fait un virage \u00e0 180 degr\u00e9s \u00bb\u2026 Quand les militaires se reconvertissent<\/a><\/p>\n","protected":false},"excerpt":{"rendered":"retour de flamme &#8211; Son geste a suscit\u00e9 l\u2019indignation g\u00e9n\u00e9rale, dont celle du gouvernement Des images qui ont&hellip;\n","protected":false},"author":2,"featured_media":302367,"comment_status":"","ping_status":"","sticky":false,"template":"","format":"standard","meta":{"footnotes":""},"categories":[1888],"tags":[1111,1928,11,1927,1013,1777,674,1011,27,38986,44254,44255,12,1926,626,1925,25,26020,44064],"class_list":{"0":"post-302366","1":"post","2":"type-post","3":"status-publish","4":"format-standard","5":"has-post-thumbnail","7":"category-paris","8":"tag-actu","9":"tag-actu-paris","10":"tag-actualites","11":"tag-actualites-paris","12":"tag-bruno-retailleau","13":"tag-eu","14":"tag-europe","15":"tag-fr","16":"tag-france","17":"tag-larc-de-triomphe","18":"tag-la-flamme","19":"tag-morts-pour-la-france","20":"tag-news","21":"tag-news-paris","22":"tag-paris","23":"tag-paris-news","24":"tag-republique-francaise","25":"tag-retour-de-flamme","26":"tag-soldat-inconnu"},"share_on_mastodon":{"url":"https:\/\/pubeurope.com\/@fr\/114986672694729594","error":""},"_links":{"self":[{"href":"https:\/\/www.europesays.com\/fr\/wp-json\/wp\/v2\/posts\/302366","targetHints":{"allow":["GET"]}}],"collection":[{"href":"https:\/\/www.europesays.com\/fr\/wp-json\/wp\/v2\/posts"}],"about":[{"href":"https:\/\/www.europesays.com\/fr\/wp-json\/wp\/v2\/types\/post"}],"author":[{"embeddable":true,"href":"https:\/\/www.europesays.com\/fr\/wp-json\/wp\/v2\/users\/2"}],"replies":[{"embeddable":true,"href":"https:\/\/www.europesays.com\/fr\/wp-json\/wp\/v2\/comments?post=302366"}],"version-history":[{"count":0,"href":"https:\/\/www.europesays.com\/fr\/wp-json\/wp\/v2\/posts\/302366\/revisions"}],"wp:featuredmedia":[{"embeddable":true,"href":"https:\/\/www.europesays.com\/fr\/wp-json\/wp\/v2\/media\/302367"}],"wp:attachment":[{"href":"https:\/\/www.europesays.com\/fr\/wp-json\/wp\/v2\/media?parent=302366"}],"wp:term":[{"taxonomy":"category","embeddable":true,"href":"https:\/\/www.europesays.com\/fr\/wp-json\/wp\/v2\/categories?post=302366"},{"taxonomy":"post_tag","embeddable":true,"href":"https:\/\/www.europesays.com\/fr\/wp-json\/wp\/v2\/tags?post=302366"}],"curies":[{"name":"wp","href":"https:\/\/api.w.org\/{rel}","templated":true}]}}