{"id":302368,"date":"2025-08-07T09:02:11","date_gmt":"2025-08-07T09:02:11","guid":{"rendered":"https:\/\/www.europesays.com\/fr\/302368\/"},"modified":"2025-08-07T09:02:11","modified_gmt":"2025-08-07T09:02:11","slug":"ac-dc-ouvre-sa-boutique-ephemere-pwr-up-pop-up-a-paris-news-rockurlife","status":"publish","type":"post","link":"https:\/\/www.europesays.com\/fr\/302368\/","title":{"rendered":"AC\/DC ouvre sa boutique \u00e9ph\u00e9m\u00e8re \u00ab\u00a0PWR\/UP POP UP\u00a0\u00bb \u00e0 Paris ! &#8211; News &#8211; RockUrLife"},"content":{"rendered":"<p>Les amplis s\u2019\u00e9chauffent, les canons se pr\u00e9parent \u00e0 tonner, et les fans d\u2019<strong>AC\/DC<\/strong> ont d\u00e9sormais un rendez-vous incontournable avant les concerts parisiens du l\u00e9gendaire groupe australien. En marge des deux dates tr\u00e8s attendues du <strong>Power Up Tour<\/strong> les 9 et 13 ao\u00fbt 2025 au <strong>Stade de France<\/strong>, <strong>AC\/DC<\/strong> investit la capitale avec un pop-up store exclusif !<\/p>\n<p>Le <strong>PWR\/UP Pop-up<\/strong> s\u2019install\u00e9 au c\u0153ur de Paris, \u00e0 la <strong>Cremerie de Paris (11 rue des D\u00e9chargeurs, 75001)<\/strong>.<\/p>\n<p>Pens\u00e9 comme un lieu de rassemblement pour les fans, ce pop-up gratuit devient le QG officiel de la communaut\u00e9 <strong>AC\/DC<\/strong> entre les concerts. Ici, pas question de simple merchandising classique : on parle d\u2019exclusivit\u00e9s introuvables ailleurs, de vinyles collectors, d\u2019objets rares et de souvenirs taill\u00e9s sur mesure pour les plus mordus.<\/p>\n<p>Parmi les tr\u00e9sors propos\u00e9s :<\/p>\n<ul>\n<li>Un vinyle en \u00e9dition limit\u00e9e exclusif au pop-up<\/li>\n<li>Les r\u00e9\u00e9ditions ultra rares de <strong>High Voltage<\/strong> et <strong>T.N.T.<\/strong> sur vinyle, propos\u00e9es pour la premi\u00e8re fois en dehors de <strong>l\u2019Australie<\/strong><\/li>\n<li>Des objets de collection officiels, dont certains sp\u00e9cialement cr\u00e9\u00e9s pour l\u2019\u00e9tape parisienne<\/li>\n<li>Une affiche exclusive de la ville, en tirage limit\u00e9, aux couleurs de <strong>Paris<\/strong> et des dates de concert<\/li>\n<\/ul>\n<p>Autre attraction majeure du pop-up : les fans pourront approcher (et immortaliser) le mythique canon de sc\u00e8ne original utilis\u00e9 lors de la tourn\u00e9e <strong>Blow Up Your Video World Tour<\/strong> de 1988. Une relique rock qui a tonn\u00e9 aux quatre coins du globe et que les fans peuvent d\u00e9sormais retrouver, en vrai, \u00e0 <strong>Paris<\/strong>.<\/p>\n<p>Le pop-up sera ouvert pendant six jours, \u00e0 partir de la veille du <a href=\"https:\/\/www.rockurlife.net\/news\/ac-dc-en-concert-de-stade-de-france-de-paris-en-aout-2025\/\" target=\"_blank\" rel=\"noopener\">premier concert<\/a> jusqu\u2019au jour du <a href=\"https:\/\/www.rockurlife.net\/news\/ac-dc-annonce-une-deuxieme-date-au-stade-de-france-en-aout-2025\/\" target=\"_blank\" rel=\"noopener\">second show<\/a> :<\/p>\n<ul>\n<li><strong>Vendredi 8 ao\u00fbt<\/strong> : 12h \u2013 22h<\/li>\n<li><strong>Samedi 9 ao\u00fbt (jour de concert)<\/strong> : 11h \u2013 17h<\/li>\n<li><strong>Dimanche 10 ao\u00fbt<\/strong> : 12h \u2013 22h<\/li>\n<li><strong>Lundi 11 ao\u00fbt<\/strong> : 12h \u2013 22h<\/li>\n<li><strong>Mardi 12 ao\u00fbt<\/strong> : 12h \u2013 22h<\/li>\n<li><strong>Mercredi 13 ao\u00fbt (jour de concert)<\/strong> : 11h \u2013 17h<\/li>\n<\/ul>\n<p>Accessible via la station <strong>Ch\u00e2telet \u2013 Les Halles (sortie 1)<\/strong>, le <strong>PWR\/UP POP UP<\/strong> est libre d\u2019acc\u00e8s. Il risque toutefois d\u2019attirer les foules, donc mieux vaut arriver t\u00f4t pour repartir avec son butin collector.<\/p>\n<p>Apr\u00e8s l\u2019ouverture remarqu\u00e9e de son <strong><a href=\"https:\/\/www.rockurlife.net\/news\/ac-dc-ouverture-du-bar-ephemere-high-voltage-dive-bar-a-paris\/\" target=\"_blank\" rel=\"noopener\">High Voltage Dive Bar<\/a><\/strong> \u00e0 <strong>Paris<\/strong> l\u2019an dernier, <strong>AC\/DC<\/strong> confirme son attachement \u00e0 ses fans fran\u00e7ais avec cette nouvelle initiative immersive. Une tendance d\u00e9j\u00e0 adopt\u00e9e par d\u2019autres mastodontes du rock comme <strong><a href=\"https:\/\/www.rockurlife.net\/news\/iron-maiden-ouvre-son-eddies-dive-bar-a-paris\/\" target=\"_blank\" rel=\"noopener\">Iron Maiden<\/a><\/strong>, et qui transforme chaque concert en une v\u00e9ritable exp\u00e9rience avant, pendant et apr\u00e8s le show.<\/p>\n<p>Que vous soyez collectionneur aguerri ou simple passionn\u00e9 d\u2019<strong>AC\/DC<\/strong>, une chose est s\u00fbre : ce <strong>PWR\/UP Pop UP<\/strong> s\u2019annonce comme le passage oblig\u00e9 de l\u2019\u00e9t\u00e9 rock \u00e0 <strong>Paris<\/strong>.<\/p>\n<p>Let there be rock\u2026 et shopping.<\/p>\n<p><img loading=\"lazy\" decoding=\"async\" width=\"819\" height=\"1024\" src=\"https:\/\/www.europesays.com\/fr\/wp-content\/uploads\/2025\/08\/528574694_1271062561142133_6260198745974625831_n-819x1024.jpg\" alt=\"\" class=\"wp-image-224794\"\/><\/p>\n","protected":false},"excerpt":{"rendered":"Les amplis s\u2019\u00e9chauffent, les canons se pr\u00e9parent \u00e0 tonner, et les fans d\u2019AC\/DC ont d\u00e9sormais un rendez-vous incontournable&hellip;\n","protected":false},"author":2,"featured_media":302369,"comment_status":"","ping_status":"","sticky":false,"template":"","format":"standard","meta":{"footnotes":""},"categories":[1888],"tags":[44256,11,1777,674,1011,27,12,626,44257,25],"class_list":{"0":"post-302368","1":"post","2":"type-post","3":"status-publish","4":"format-standard","5":"has-post-thumbnail","7":"category-paris","8":"tag-ac-dc","9":"tag-actualites","10":"tag-eu","11":"tag-europe","12":"tag-fr","13":"tag-france","14":"tag-news","15":"tag-paris","16":"tag-pwr-up-pop-up","17":"tag-republique-francaise"},"share_on_mastodon":{"url":"https:\/\/pubeurope.com\/@fr\/114986676725468597","error":""},"_links":{"self":[{"href":"https:\/\/www.europesays.com\/fr\/wp-json\/wp\/v2\/posts\/302368","targetHints":{"allow":["GET"]}}],"collection":[{"href":"https:\/\/www.europesays.com\/fr\/wp-json\/wp\/v2\/posts"}],"about":[{"href":"https:\/\/www.europesays.com\/fr\/wp-json\/wp\/v2\/types\/post"}],"author":[{"embeddable":true,"href":"https:\/\/www.europesays.com\/fr\/wp-json\/wp\/v2\/users\/2"}],"replies":[{"embeddable":true,"href":"https:\/\/www.europesays.com\/fr\/wp-json\/wp\/v2\/comments?post=302368"}],"version-history":[{"count":0,"href":"https:\/\/www.europesays.com\/fr\/wp-json\/wp\/v2\/posts\/302368\/revisions"}],"wp:featuredmedia":[{"embeddable":true,"href":"https:\/\/www.europesays.com\/fr\/wp-json\/wp\/v2\/media\/302369"}],"wp:attachment":[{"href":"https:\/\/www.europesays.com\/fr\/wp-json\/wp\/v2\/media?parent=302368"}],"wp:term":[{"taxonomy":"category","embeddable":true,"href":"https:\/\/www.europesays.com\/fr\/wp-json\/wp\/v2\/categories?post=302368"},{"taxonomy":"post_tag","embeddable":true,"href":"https:\/\/www.europesays.com\/fr\/wp-json\/wp\/v2\/tags?post=302368"}],"curies":[{"name":"wp","href":"https:\/\/api.w.org\/{rel}","templated":true}]}}