{"id":302374,"date":"2025-08-07T09:05:12","date_gmt":"2025-08-07T09:05:12","guid":{"rendered":"https:\/\/www.europesays.com\/fr\/302374\/"},"modified":"2025-08-07T09:05:12","modified_gmt":"2025-08-07T09:05:12","slug":"veon-cherche-a-conclure-dautres-contrats-dans-le-domaine-des-satellites-apres-laccord-conclu-avec-starlink-dukraine-07-08-2025-a-0927","status":"publish","type":"post","link":"https:\/\/www.europesays.com\/fr\/302374\/","title":{"rendered":"VEON cherche \u00e0 conclure d&rsquo;autres contrats dans le domaine des satellites apr\u00e8s l&rsquo;accord conclu avec Starlink d&rsquo;Ukraine &#8211; 07\/08\/2025 \u00e0 09:27"},"content":{"rendered":"<p>\n ((Traduction automatis\u00e9e par Reuters \u00e0 l&rsquo;aide de l&rsquo;apprentissage<br \/>\nautomatique et de l&rsquo;IA g\u00e9n\u00e9rative, veuillez vous r\u00e9f\u00e9rer \u00e0<br \/>\nl&rsquo;avertissement suivant: https:\/\/bit.ly\/rtrsauto))\n<\/p>\n<p>\n *\n<\/p>\n<p>\n VEON en pourparlers avec Amazon, AST SpaceMobile et OneWeb\n<\/p>\n<p>\n *\n<\/p>\n<p>\n Lancement de services satellitaires avec Starlink cette<br \/>\nann\u00e9e\n<\/p>\n<p>\n *\n<\/p>\n<p>\n Envisage des accords avec plusieurs op\u00e9rateurs dans<br \/>\nd&rsquo;autres<br \/>\npays\n<\/p>\n<p>\n (Refonte de l&rsquo;interview avec les commentaires de la directrice<br \/>\ng\u00e9n\u00e9rale tout au long de l&rsquo;interview)<br \/>\npar Gianluca Lo Nostro et Leo Marchandon\n<\/p>\n<p>\n VEON<br \/>\n <a href=\"https:\/\/www.boursorama.com\/cours\/VEON\/\" rel=\"nofollow noopener\" target=\"_blank\"><br \/>\n  VEON.O<br \/>\n <\/a><br \/>\n est en discussion avec le<br \/>\nprojet Kuiper d&rsquo; Amazon<br \/>\n <a href=\"https:\/\/www.boursorama.com\/cours\/AMZN\/\" rel=\"nofollow noopener\" target=\"_blank\"><br \/>\n  AMZN.O<br \/>\n <\/a><br \/>\n , AST SpaceMobile<br \/>\n <a href=\"https:\/\/www.boursorama.com\/cours\/ASTS\/\" rel=\"nofollow noopener\" target=\"_blank\"><br \/>\n  ASTS.O<br \/>\n <\/a><br \/>\n et<br \/>\nEutelsat OneWeb<br \/>\n <a href=\"https:\/\/www.boursorama.com\/cours\/1rPETL\/\" rel=\"nofollow noopener\" target=\"_blank\"><br \/>\n  ETL.PA<br \/>\n <\/a><br \/>\n pour \u00e9tendre ses services satellitaires<br \/>\npour les appareils mobiles au-del\u00e0 de l&rsquo;Ukraine, a d\u00e9clar\u00e9 sa<br \/>\ndirectrice g\u00e9n\u00e9rale jeudi.\n<\/p>\n<p>\n Les op\u00e9rateurs de t\u00e9l\u00e9communications du monde entier<br \/>\nadoptent de plus en plus la technologie satellitaire pour<br \/>\ncombler les lacunes en mati\u00e8re de couverture, en particulier<br \/>\ndans les zones recul\u00e9es o\u00f9 les r\u00e9seaux terrestres sont co\u00fbteux<br \/>\nou confront\u00e9s \u00e0 des d\u00e9fis g\u00e9ographiques.\n<\/p>\n<p>\n \u00ab\u00a0Nous allons \u00eatre s\u00e9lectifs. Nous examinerons chaque pays<br \/>\net nous \u00e9tudierons les autres solutions possibles. En fonction<br \/>\nde la disponibilit\u00e9 commerciale, des probl\u00e8mes de capacit\u00e9 et de<br \/>\nla hi\u00e9rarchisation des orbites, nous pourrons faire des choix<br \/>\ndiff\u00e9rents\u00a0\u00bb, a d\u00e9clar\u00e9 Kaan Terzioglu, directrice g\u00e9n\u00e9rale de<br \/>\nVEON, lors d&rsquo;une interview.\n<\/p>\n<p>\n La technologie de la t\u00e9l\u00e9phonie cellulaire directe consiste<br \/>\n\u00e0 positionner des satellites \u00e9quip\u00e9s de modems cellulaires<br \/>\navanc\u00e9s en orbite terrestre basse. Les satellites fonctionnent<br \/>\ncomme des tours cellulaires dans l&rsquo;espace, transmettant des<br \/>\nsignaux aux smartphones au sol.\n<\/p>\n<p>\n VEON, le groupe de t\u00e9l\u00e9communications \u00e0 l&rsquo;origine du plus<br \/>\ngrand op\u00e9rateur de t\u00e9l\u00e9phonie mobile d&rsquo;Ukraine, d\u00e9ploiera la<br \/>\ntechnologie de la t\u00e9l\u00e9phonie directe en Ukraine cette ann\u00e9e en<br \/>\nutilisant le r\u00e9seau d\u00e9di\u00e9 Starlink d&rsquo;Elon Musk. Il s&rsquo;agit du<br \/>\npremier fournisseur en Europe  \u00e0 introduire les services<br \/>\nsatellitaires   sur la t\u00e9l\u00e9phonie mobile.\n<\/p>\n<p>\n Kaan Terzioglu a mis l&rsquo;accent sur les difficult\u00e9s<br \/>\nrencontr\u00e9es dans des r\u00e9gions telles que le Kazakhstan, en citant<br \/>\nson vaste territoire et sa population clairsem\u00e9e, qui rendent<br \/>\nimpossible une couverture totale par les r\u00e9seaux terrestres.\n<\/p>\n<p>\n En Ukraine, les conditions de guerre, les lignes de front<br \/>\net les mines terrestres emp\u00eachent la maintenance normale du<br \/>\nr\u00e9seau.\n<\/p>\n<p>\n Elle a \u00e9galement \u00e9voqu\u00e9 les perturbations li\u00e9es au climat<br \/>\ndans des pays comme le Bangladesh et le Pakistan, o\u00f9 les<br \/>\ncyclones et les inondations peuvent compromettre les r\u00e9seaux<br \/>\nterrestres pendant de longues p\u00e9riodes.\n<\/p>\n<p>\n Il serait difficile de donner un calendrier pour ces<br \/>\ninvestissements, car ils d\u00e9pendent des d\u00e9cisions des<br \/>\ngouvernements concernant les licences de t\u00e9l\u00e9phonie directe, a<br \/>\nd\u00e9clar\u00e9 Kaan Terzioglu.\n<\/p>\n<p>\n Plus t\u00f4t dans la journ\u00e9e de jeudi, l&rsquo;entreprise a revu \u00e0 la<br \/>\nhausse ses pr\u00e9visions annuelles en mati\u00e8re de chiffre d&rsquo;affaires<br \/>\net de b\u00e9n\u00e9fice de base, apr\u00e8s avoir enregistr\u00e9 de solides<br \/>\nr\u00e9sultats au deuxi\u00e8me trimestre.\n<\/p>\n<p>\n Elle s&rsquo;attend d\u00e9sormais \u00e0 ce que le chiffre d&rsquo;affaires total<br \/>\naugmente de 13 % \u00e0 15 % et que le b\u00e9n\u00e9fice avant int\u00e9r\u00eats,<br \/>\nimp\u00f4ts, d\u00e9pr\u00e9ciation et amortissement (EBITDA) augmente de 14 %\u00e0<br \/>\n16 % cette ann\u00e9e.\n<\/p>\n<p>\n Le chiffre d&rsquo;affaires total pour le trimestre clos fin juin<br \/>\na atteint  1,09 milliard de dollars (1,09 milliard de dollars),<br \/>\ntandis que l&rsquo;EBITDA s&rsquo;est \u00e9lev\u00e9 \u00e0 520 millions de dollars.\n<\/p>\n<p>\n VEON a d\u00e9clar\u00e9 qu&rsquo;elle s&rsquo;attendait \u00e0 une charge hors<br \/>\ntr\u00e9sorerie pouvant atteindre 200 millions de dollars au cours du<br \/>\ntroisi\u00e8me trimestre en raison deson cotation pr\u00e9vue aux<br \/>\n\u00c9tats-Unis  Kyivstar) et de la vente de ses activit\u00e9s au<br \/>\nKirghizistan.\n<\/p>\n<p>\n ($1 = $1.0000)<\/p>\n","protected":false},"excerpt":{"rendered":"((Traduction automatis\u00e9e par Reuters \u00e0 l&rsquo;aide de l&rsquo;apprentissage automatique et de l&rsquo;IA g\u00e9n\u00e9rative, veuillez vous r\u00e9f\u00e9rer \u00e0 l&rsquo;avertissement&hellip;\n","protected":false},"author":2,"featured_media":8061,"comment_status":"","ping_status":"","sticky":false,"template":"","format":"standard","meta":{"footnotes":""},"categories":[1590],"tags":[400,11,398,408,405,1777,674,403,402,399,404,12,401,406,220,407],"class_list":{"0":"post-302374","1":"post","2":"type-post","3":"status-publish","4":"format-standard","5":"has-post-thumbnail","7":"category-ukraine","8":"tag-action-cac-40","9":"tag-actualites","10":"tag-bourse-de-paris","11":"tag-boursorama","12":"tag-cotations","13":"tag-eu","14":"tag-europe","15":"tag-indices-devises","16":"tag-investir","17":"tag-investissement","18":"tag-marche-boursier","19":"tag-news","20":"tag-sicav","21":"tag-trackers","22":"tag-ukraine","23":"tag-warrants"},"share_on_mastodon":{"url":"https:\/\/pubeurope.com\/@fr\/114986688725213846","error":""},"_links":{"self":[{"href":"https:\/\/www.europesays.com\/fr\/wp-json\/wp\/v2\/posts\/302374","targetHints":{"allow":["GET"]}}],"collection":[{"href":"https:\/\/www.europesays.com\/fr\/wp-json\/wp\/v2\/posts"}],"about":[{"href":"https:\/\/www.europesays.com\/fr\/wp-json\/wp\/v2\/types\/post"}],"author":[{"embeddable":true,"href":"https:\/\/www.europesays.com\/fr\/wp-json\/wp\/v2\/users\/2"}],"replies":[{"embeddable":true,"href":"https:\/\/www.europesays.com\/fr\/wp-json\/wp\/v2\/comments?post=302374"}],"version-history":[{"count":0,"href":"https:\/\/www.europesays.com\/fr\/wp-json\/wp\/v2\/posts\/302374\/revisions"}],"wp:featuredmedia":[{"embeddable":true,"href":"https:\/\/www.europesays.com\/fr\/wp-json\/wp\/v2\/media\/8061"}],"wp:attachment":[{"href":"https:\/\/www.europesays.com\/fr\/wp-json\/wp\/v2\/media?parent=302374"}],"wp:term":[{"taxonomy":"category","embeddable":true,"href":"https:\/\/www.europesays.com\/fr\/wp-json\/wp\/v2\/categories?post=302374"},{"taxonomy":"post_tag","embeddable":true,"href":"https:\/\/www.europesays.com\/fr\/wp-json\/wp\/v2\/tags?post=302374"}],"curies":[{"name":"wp","href":"https:\/\/api.w.org\/{rel}","templated":true}]}}