{"id":302376,"date":"2025-08-07T09:07:10","date_gmt":"2025-08-07T09:07:10","guid":{"rendered":"https:\/\/www.europesays.com\/fr\/302376\/"},"modified":"2025-08-07T09:07:10","modified_gmt":"2025-08-07T09:07:10","slug":"au-dela-du-jourdain-les-britanniques-ont-invente-la-transjordanie","status":"publish","type":"post","link":"https:\/\/www.europesays.com\/fr\/302376\/","title":{"rendered":"Au-del\u00e0 du Jourdain, les Britanniques ont invent\u00e9 la Transjordanie"},"content":{"rendered":"<p>Le Jourdain, fleuve biblique, a donn\u00e9 son nom \u00e0 la Jordanie. Il ne constitue qu\u2019un bout de fronti\u00e8re \u00e0 l\u2019ouest, mais charrie tant de symboles. Son eau devient sal\u00e9e \u00e0 l\u2019approche de la mer Morte, l\u00e0 o\u00f9 il se jette \u00e0 plus de 400 m\u00e8tres sous le niveau des autres mers: l\u2019endroit le plus bas du monde. Il est la limite orientale de la fertile Terre promise, et J\u00e9sus a \u00e9t\u00e9 baptis\u00e9 dans ses eaux.<\/p>\n<p>Il y a eu de nombreux occupants ici, jusqu\u2019\u00e0 la Premi\u00e8re Guerre mondiale, o\u00f9 les Ottomans, d\u00e9faits apr\u00e8s un demi-mill\u00e9naire de pr\u00e9sence, doivent laisser Britanniques et Fran\u00e7ais se partager la r\u00e9gion, et les Arabes r\u00eaver de nationalisme. Un Anglais et un Fran\u00e7ais <a href=\"https:\/\/www.letemps.ch\/opinions\/chroniques\/les-accords-sykes-picot-ou-comment-se-dessine-la-carte-imperialiste\" rel=\"nofollow noopener\" target=\"_blank\">dessinent en secret<\/a> des zones d\u2019influence entre leurs deux pays, dont la SDN s\u2019inspirera largement pour les fronti\u00e8res, notamment, de la Jordanie.<\/p>\n","protected":false},"excerpt":{"rendered":"Le Jourdain, fleuve biblique, a donn\u00e9 son nom \u00e0 la Jordanie. Il ne constitue qu\u2019un bout de fronti\u00e8re&hellip;\n","protected":false},"author":2,"featured_media":302377,"comment_status":"","ping_status":"","sticky":false,"template":"","format":"standard","meta":{"footnotes":""},"categories":[1588],"tags":[11,1777,674,937,12,301,473,1853,37345,1851,1850,1852],"class_list":{"0":"post-302376","1":"post","2":"type-post","3":"status-publish","4":"format-standard","5":"has-post-thumbnail","7":"category-royaume-uni","8":"tag-actualites","9":"tag-eu","10":"tag-europe","11":"tag-histoire","12":"tag-news","13":"tag-premium","14":"tag-royaume-uni","15":"tag-royaume-uni-de-grande-bretagne-et-dirlande-du-nord","16":"tag-series-dete","17":"tag-uk","18":"tag-united-kingdom","19":"tag-united-kingdom-of-great-britain-and-northern-ireland"},"share_on_mastodon":{"url":"https:\/\/pubeurope.com\/@fr\/114986696251123834","error":""},"_links":{"self":[{"href":"https:\/\/www.europesays.com\/fr\/wp-json\/wp\/v2\/posts\/302376","targetHints":{"allow":["GET"]}}],"collection":[{"href":"https:\/\/www.europesays.com\/fr\/wp-json\/wp\/v2\/posts"}],"about":[{"href":"https:\/\/www.europesays.com\/fr\/wp-json\/wp\/v2\/types\/post"}],"author":[{"embeddable":true,"href":"https:\/\/www.europesays.com\/fr\/wp-json\/wp\/v2\/users\/2"}],"replies":[{"embeddable":true,"href":"https:\/\/www.europesays.com\/fr\/wp-json\/wp\/v2\/comments?post=302376"}],"version-history":[{"count":0,"href":"https:\/\/www.europesays.com\/fr\/wp-json\/wp\/v2\/posts\/302376\/revisions"}],"wp:featuredmedia":[{"embeddable":true,"href":"https:\/\/www.europesays.com\/fr\/wp-json\/wp\/v2\/media\/302377"}],"wp:attachment":[{"href":"https:\/\/www.europesays.com\/fr\/wp-json\/wp\/v2\/media?parent=302376"}],"wp:term":[{"taxonomy":"category","embeddable":true,"href":"https:\/\/www.europesays.com\/fr\/wp-json\/wp\/v2\/categories?post=302376"},{"taxonomy":"post_tag","embeddable":true,"href":"https:\/\/www.europesays.com\/fr\/wp-json\/wp\/v2\/tags?post=302376"}],"curies":[{"name":"wp","href":"https:\/\/api.w.org\/{rel}","templated":true}]}}