{"id":302390,"date":"2025-08-07T09:14:15","date_gmt":"2025-08-07T09:14:15","guid":{"rendered":"https:\/\/www.europesays.com\/fr\/302390\/"},"modified":"2025-08-07T09:14:15","modified_gmt":"2025-08-07T09:14:15","slug":"le-diffuseur-americain-du-pga-tour-se-felicite-de-ses-meilleures-audiences-depuis-sept-ans","status":"publish","type":"post","link":"https:\/\/www.europesays.com\/fr\/302390\/","title":{"rendered":"Le diffuseur am\u00e9ricain du PGA Tour se f\u00e9licite de ses meilleures audiences depuis sept ans"},"content":{"rendered":"<p>\t\t\t\t\t\t<img width=\"770\" height=\"556\" src=\"https:\/\/www.europesays.com\/fr\/wp-content\/uploads\/2025\/08\/youngwyndham-770x556.jpg\" class=\"img-responsive wp-post-image\" alt=\"YoungWyndham Johnnie Izquierdo \/ Getty \/ AFP\" decoding=\"async\" fetchpriority=\"high\"  \/>\t\t\t\t\t<\/p>\n<p>\t\t\t\t\t\t Partager cet article <\/p>\n<p class=\"screen-reader-text juiz_sps_maybe_hidden_text\">Partager la publication \u00ab\u00a0Le diffuseur am\u00e9ricain du PGA Tour se f\u00e9licite de ses meilleures audiences depuis sept ans\u00a0\u00bb<\/p>\n<p><strong>Alors que la saison r\u00e9guli\u00e8re du PGA Tour s\u2019est achev\u00e9e le week-end dernier avec le Wyndham Championship remport\u00e9 par Cameron Young, CBS Sports (diffuseur du circuit am\u00e9ricain outre-Atlantique) s\u2019est f\u00e9licit\u00e9 d\u2019avoir enregistr\u00e9 ses meilleures audiences depuis sept ans.<\/strong><\/p>\n<p>\t\t\t\t\t<a id=\"174987\" href=\"https:\/\/www.sudfrancegolf.com\/fr\/\" target=\"_blank\" rel=\"sponsorised nofollow noopener\"><img decoding=\"async\" src=\"data:image\/svg+xml,%3Csvg%20xmlns=\" http:=\"\" class=\"img-responsive\" alt=\"\" data-lazy-src=\"https:\/\/www.europesays.com\/fr\/wp-content\/uploads\/2025\/06\/giesudfrancegolf-e02-egolf-pass-2025-v2-1170x275-1.gif\"\/><\/a><\/p>\n<p>\nAvec une moyenne de <strong>2,7 millions de t\u00e9l\u00e9spectateurs (+17 % par rapport \u00e0 2024)<\/strong>, la cha\u00eene am\u00e9ricaine r\u00e9ussit ses meilleures audiences depuis 2018, ann\u00e9e de la <strong>Ryder Cup<\/strong> \u00e0 Paris. Ce record a pu \u00eatre \u00e9tabli notamment apr\u00e8s <a href=\"https:\/\/www.golfplanete.com\/actualites\/pga-tour-wyndham-championship-cameron-young-debloque-son-compteur-pas-de-playoffs-pour-les-francais\/\" rel=\"nofollow noopener\" target=\"_blank\">une finale de la saison r\u00e9guli\u00e8re particuli\u00e8rement suivie<\/a> (1,95 million de t\u00e9l\u00e9spectateurs, soit +36 % par rapport \u00e0 2024). L\u2019application de streaming du m\u00eame r\u00e9seau que CBS, Paramount +, a \u00e9galement battu son record historique depuis sa cr\u00e9ation en 2021.<\/p>\n<p>Une preuve ind\u00e9niable de la belle forme du golf aux \u00c9tats-Unis, alors que le circuit du <strong>LIV<\/strong> a pourtant redistribu\u00e9 les cartes du golf mondial. C\u00f4t\u00e9 fran\u00e7ais, il faudra attendre encore quelques mois pour conna\u00eetre les chiffres d\u2019audience de <a href=\"https:\/\/www.canalplus.com\/chaines\/golfplus\" target=\"_blank\" rel=\"noopener nofollow\">Golf +<\/a>, en esp\u00e9rant que la cha\u00eene crypt\u00e9e hexagonale b\u00e9n\u00e9ficie \u00e9galement du m\u00eame \u00e9lan.<\/p>\n<p>Les trois \u00e9preuves des <strong>Playoffs de la FedEx Cup<\/strong> d\u00e9butent jeudi, avec <a href=\"https:\/\/www.golfplanete.com\/actualites\/pourquoi-mcilroy-ne-sera-pas-la-pour-la-premiere-etape-des-playoffs\/\" rel=\"nofollow noopener\" target=\"_blank\">le FedEx St. Jude Championship<\/a> qui sera diffus\u00e9 par NBC et ses filiales.<\/p>\n<p>Photo : Johnnie Izquierdo \/ Getty \/ AFP<\/p>\n","protected":false},"excerpt":{"rendered":"Partager cet article Partager la publication \u00ab\u00a0Le diffuseur am\u00e9ricain du PGA Tour se f\u00e9licite de ses meilleures audiences&hellip;\n","protected":false},"author":2,"featured_media":302391,"comment_status":"","ping_status":"","sticky":false,"template":"","format":"standard","meta":{"footnotes":""},"categories":[1418],"tags":[1011,27,1472,60],"class_list":{"0":"post-302390","1":"post","2":"type-post","3":"status-publish","4":"format-standard","5":"has-post-thumbnail","7":"category-golf","8":"tag-fr","9":"tag-france","10":"tag-golf","11":"tag-sports"},"share_on_mastodon":{"url":"https:\/\/pubeurope.com\/@fr\/114986723856080965","error":""},"_links":{"self":[{"href":"https:\/\/www.europesays.com\/fr\/wp-json\/wp\/v2\/posts\/302390","targetHints":{"allow":["GET"]}}],"collection":[{"href":"https:\/\/www.europesays.com\/fr\/wp-json\/wp\/v2\/posts"}],"about":[{"href":"https:\/\/www.europesays.com\/fr\/wp-json\/wp\/v2\/types\/post"}],"author":[{"embeddable":true,"href":"https:\/\/www.europesays.com\/fr\/wp-json\/wp\/v2\/users\/2"}],"replies":[{"embeddable":true,"href":"https:\/\/www.europesays.com\/fr\/wp-json\/wp\/v2\/comments?post=302390"}],"version-history":[{"count":0,"href":"https:\/\/www.europesays.com\/fr\/wp-json\/wp\/v2\/posts\/302390\/revisions"}],"wp:featuredmedia":[{"embeddable":true,"href":"https:\/\/www.europesays.com\/fr\/wp-json\/wp\/v2\/media\/302391"}],"wp:attachment":[{"href":"https:\/\/www.europesays.com\/fr\/wp-json\/wp\/v2\/media?parent=302390"}],"wp:term":[{"taxonomy":"category","embeddable":true,"href":"https:\/\/www.europesays.com\/fr\/wp-json\/wp\/v2\/categories?post=302390"},{"taxonomy":"post_tag","embeddable":true,"href":"https:\/\/www.europesays.com\/fr\/wp-json\/wp\/v2\/tags?post=302390"}],"curies":[{"name":"wp","href":"https:\/\/api.w.org\/{rel}","templated":true}]}}