{"id":302392,"date":"2025-08-07T09:15:10","date_gmt":"2025-08-07T09:15:10","guid":{"rendered":"https:\/\/www.europesays.com\/fr\/302392\/"},"modified":"2025-08-07T09:15:10","modified_gmt":"2025-08-07T09:15:10","slug":"les-footballeurs-mahorais-sinclinent-3-1-face-a-la-reunion-en-demi-finale","status":"publish","type":"post","link":"https:\/\/www.europesays.com\/fr\/302392\/","title":{"rendered":"les footballeurs mahorais s&rsquo;inclinent 3-1 face \u00e0 La R\u00e9union en demi-finale"},"content":{"rendered":"<p>Apr\u00e8s 5 m\u00e9dailles de bronze en sport individuel, la d\u00e9l\u00e9gation mahoraise va avoir l&rsquo;occasion d&rsquo;en engranger en sports collectifs. Plusieurs demi-finales sont au programme ce jeudi pour les Jeux de la CJSOI aux Seychelles, dont celle en football perdue par Mayotte contre La R\u00e9union 3-1<\/p>\n<p>La d\u00e9l\u00e9gation mahoraise aura l&rsquo;occasion de s&rsquo;assurer plusieurs m\u00e9dailles pour cette septi\u00e8me journ\u00e9e de comp\u00e9tition des jeux de la CJSOI aux Seychelles. Plusieurs phases finales sont pr\u00e9vues ce jeudi 7 ao\u00fbt :<\/p>\n<ul>\n<li>En football, les gar\u00e7ons ont perdu leur demi-finale contre La R\u00e9union 3-1 ce matin au stade Linite. Le suspense a dur\u00e9 jusqu&rsquo;aux prolongations et l&rsquo;inscription de deux buts r\u00e9unionnais. Les Mahorais ont notamment \u00e9t\u00e9 p\u00e9nalis\u00e9s par la blessure de son gardien, obligeant un joueur \u00e0 entrer dans les cages. \u00ab\u00a0C&rsquo;\u00e9tait un tr\u00e8s bon match, tr\u00e8s anim\u00e9, beaucoup de jeu\u00a0\u00bb, se f\u00e9licite le co-s\u00e9lectionneur mahorais Djamaldine Ali. \u00ab\u00a0C&rsquo;\u00e9tait un match tr\u00e8s difficile pour les deux \u00e9quipes, les jeunes ne sont pas habitu\u00e9s \u00e0 jouer 90 minutes plus 30 minutes de prolongation.\u00a0\u00bb <\/li>\n<\/ul>\n<p>Retrouvez ci-dessous la premi\u00e8re mi-temps qui s&rsquo;est conclu sur une \u00e9galit\u00e9 1-1.<\/p>\n<\/p>\n<ul>\n<li>En basket, les Mahoraises affrontent les Seychelles en demi-finale \u00e0 la mi-journ\u00e9e. Nos joueuses sont pour l&rsquo;instant invaincues et avaient d\u00e9j\u00e0 largement triomph\u00e9 des Seychelloises, sur le score de 119 \u00e0 18.<\/li>\n<li>En athl\u00e9tisme, les s\u00e9ries de 400m se d\u00e9rouleront dans l&rsquo;apr\u00e8s-midi.<\/li>\n<li>En volley, autre demi-finale de la journ\u00e9e, les Mahoraises affronteront Maurice \u00e0 la mi-journ\u00e9e, en esp\u00e9rant inverser le r\u00e9sultat de dimanche, o\u00f9 elles s&rsquo;\u00e9taient inclin\u00e9es 3 sets \u00e0 0.<\/li>\n<\/ul>\n<p>Pour favoriser les \u00e9changes culturels, un salon des jeunes entrepreneurs est organis\u00e9 ce jeudi en marge du village des jeux.<\/p>\n","protected":false},"excerpt":{"rendered":"Apr\u00e8s 5 m\u00e9dailles de bronze en sport individuel, la d\u00e9l\u00e9gation mahoraise va avoir l&rsquo;occasion d&rsquo;en engranger en sports&hellip;\n","protected":false},"author":2,"featured_media":302393,"comment_status":"","ping_status":"","sticky":false,"template":"","format":"standard","meta":{"footnotes":""},"categories":[1417],"tags":[1011,27,60,1470,1469],"class_list":{"0":"post-302392","1":"post","2":"type-post","3":"status-publish","4":"format-standard","5":"has-post-thumbnail","7":"category-volley","8":"tag-fr","9":"tag-france","10":"tag-sports","11":"tag-volley","12":"tag-volleyball"},"share_on_mastodon":{"url":"https:\/\/pubeurope.com\/@fr\/114986727757875756","error":""},"_links":{"self":[{"href":"https:\/\/www.europesays.com\/fr\/wp-json\/wp\/v2\/posts\/302392","targetHints":{"allow":["GET"]}}],"collection":[{"href":"https:\/\/www.europesays.com\/fr\/wp-json\/wp\/v2\/posts"}],"about":[{"href":"https:\/\/www.europesays.com\/fr\/wp-json\/wp\/v2\/types\/post"}],"author":[{"embeddable":true,"href":"https:\/\/www.europesays.com\/fr\/wp-json\/wp\/v2\/users\/2"}],"replies":[{"embeddable":true,"href":"https:\/\/www.europesays.com\/fr\/wp-json\/wp\/v2\/comments?post=302392"}],"version-history":[{"count":0,"href":"https:\/\/www.europesays.com\/fr\/wp-json\/wp\/v2\/posts\/302392\/revisions"}],"wp:featuredmedia":[{"embeddable":true,"href":"https:\/\/www.europesays.com\/fr\/wp-json\/wp\/v2\/media\/302393"}],"wp:attachment":[{"href":"https:\/\/www.europesays.com\/fr\/wp-json\/wp\/v2\/media?parent=302392"}],"wp:term":[{"taxonomy":"category","embeddable":true,"href":"https:\/\/www.europesays.com\/fr\/wp-json\/wp\/v2\/categories?post=302392"},{"taxonomy":"post_tag","embeddable":true,"href":"https:\/\/www.europesays.com\/fr\/wp-json\/wp\/v2\/tags?post=302392"}],"curies":[{"name":"wp","href":"https:\/\/api.w.org\/{rel}","templated":true}]}}