{"id":302396,"date":"2025-08-07T09:17:10","date_gmt":"2025-08-07T09:17:10","guid":{"rendered":"https:\/\/www.europesays.com\/fr\/302396\/"},"modified":"2025-08-07T09:17:10","modified_gmt":"2025-08-07T09:17:10","slug":"wta-montreal-mouratoglou-pas-surpris-par-le-parcours-de-naomi-osaka-quand-on-sest-arretes-je-lui-ai-dit-je-pense-que-tu-es-prete","status":"publish","type":"post","link":"https:\/\/www.europesays.com\/fr\/302396\/","title":{"rendered":"WTA &#8211; Montr\u00e9al > Mouratoglou pas surpris par le parcours de Naomi Osaka : \u00ab\u00a0Quand on s&rsquo;est arr\u00eat\u00e9s, je lui ai dit : &lsquo;Je\u00a0pense\u00a0que tu es pr\u00eate&rsquo; \u00bb"},"content":{"rendered":"<p>Naomi Osaka r\u00e9alise un parcours r\u00eav\u00e9 \u00e0 Montr\u00e9al, o\u00f9 elle s\u2019est quali\u00adfi\u00e9e en finale cette nuit en battant Clara Tauson.<\/p>\n<p><a href=\"https:\/\/www.welovetennis.fr\/wta\/osaka-et-mouratoglou-clap-de-fin\" data-wpel-link=\"internal\" rel=\"nofollow noopener\" target=\"_blank\">La Japonaise a stopp\u00e9 sa colla\u00adbo\u00adra\u00adtion avec Patrick Mouratoglou il y a quelques jours \u00e0 peine<\/a>, et travaille d\u00e9sor\u00admais avec Tomasz Wiktorowski, l\u2019ancien coach d\u2019Iga Swiatek. Selon Mouratoglou, son r\u00e9sultat \u00e0 Montr\u00e9al n\u2019a rien d\u2019anodin, et ne le surprend pas, car il estime qu\u2019elle \u00e9tait pr\u00eate pour y parvenir, comme il l\u2019a d\u00e9clar\u00e9 au m\u00e9dia <a href=\"https:\/\/edition.cnn.com\/2025\/08\/05\/sport\/patrick-mouratoglou-naomi-osaka-spt\" data-wpel-link=\"external\" target=\"_blank\" rel=\"nofollow external noopener\">CNN<\/a>.<\/p>\n<p><strong>\u00ab\u202fCe qui manquait, c\u2019\u00e9tait la comp\u00e9\u00adti\u00adti\u00advit\u00e9. Je pense qu\u2019elle est une excel\u00adlente comp\u00e9\u00adti\u00adtrice, mais \u00e0 l\u2019\u00e9poque, elle n\u2019\u00e9tait pas aussi perfor\u00admante qu\u2019elle l\u2019a \u00e9t\u00e9 par le pass\u00e9. Et c\u2019est le probl\u00e8me que nous n\u2019avons pas r\u00e9solu. Et quand on s\u2019est arr\u00eat\u00e9s, je lui ai dit\u00a0: \u2018Je\u00a0pense\u00a0que tu es pr\u00eate. Si tu trouves la personne qui t\u2019ai\u00addera \u00e0 retrouver ton effi\u00adca\u00adcit\u00e9 pendant les matchs, je pense que tu es pr\u00eate \u00e0 obtenir d\u2019ex\u00adcel\u00adlents r\u00e9sul\u00adtats d\u00e8s main\u00adte\u00adnant, et j\u2019es\u00adp\u00e8re que \u00e7a arri\u00advera tr\u00e8s bient\u00f4t.\u2019\u00a0\u00bb<\/strong><\/p>\n<p class=\"post-published-date\" style=\"color: silver; font-size: 75%; text-align: left;\">Publi\u00e9 le jeudi 7 ao\u00fbt 2025 \u00e0 09:46<\/p>\n","protected":false},"excerpt":{"rendered":"Naomi Osaka r\u00e9alise un parcours r\u00eav\u00e9 \u00e0 Montr\u00e9al, o\u00f9 elle s\u2019est quali\u00adfi\u00e9e en finale cette nuit en battant&hellip;\n","protected":false},"author":2,"featured_media":280115,"comment_status":"","ping_status":"","sticky":false,"template":"","format":"standard","meta":{"footnotes":""},"categories":[1415],"tags":[1011,27,2200,44258,8447,60,1467],"class_list":{"0":"post-302396","1":"post","2":"type-post","3":"status-publish","4":"format-standard","5":"has-post-thumbnail","7":"category-tennis","8":"tag-fr","9":"tag-france","10":"tag-iga-swiatek","11":"tag-mouratoglou","12":"tag-osaka","13":"tag-sports","14":"tag-tennis"},"share_on_mastodon":{"url":"https:\/\/pubeurope.com\/@fr\/114986735517641246","error":""},"_links":{"self":[{"href":"https:\/\/www.europesays.com\/fr\/wp-json\/wp\/v2\/posts\/302396","targetHints":{"allow":["GET"]}}],"collection":[{"href":"https:\/\/www.europesays.com\/fr\/wp-json\/wp\/v2\/posts"}],"about":[{"href":"https:\/\/www.europesays.com\/fr\/wp-json\/wp\/v2\/types\/post"}],"author":[{"embeddable":true,"href":"https:\/\/www.europesays.com\/fr\/wp-json\/wp\/v2\/users\/2"}],"replies":[{"embeddable":true,"href":"https:\/\/www.europesays.com\/fr\/wp-json\/wp\/v2\/comments?post=302396"}],"version-history":[{"count":0,"href":"https:\/\/www.europesays.com\/fr\/wp-json\/wp\/v2\/posts\/302396\/revisions"}],"wp:featuredmedia":[{"embeddable":true,"href":"https:\/\/www.europesays.com\/fr\/wp-json\/wp\/v2\/media\/280115"}],"wp:attachment":[{"href":"https:\/\/www.europesays.com\/fr\/wp-json\/wp\/v2\/media?parent=302396"}],"wp:term":[{"taxonomy":"category","embeddable":true,"href":"https:\/\/www.europesays.com\/fr\/wp-json\/wp\/v2\/categories?post=302396"},{"taxonomy":"post_tag","embeddable":true,"href":"https:\/\/www.europesays.com\/fr\/wp-json\/wp\/v2\/tags?post=302396"}],"curies":[{"name":"wp","href":"https:\/\/api.w.org\/{rel}","templated":true}]}}