{"id":302397,"date":"2025-08-07T09:19:10","date_gmt":"2025-08-07T09:19:10","guid":{"rendered":"https:\/\/www.europesays.com\/fr\/302397\/"},"modified":"2025-08-07T09:19:10","modified_gmt":"2025-08-07T09:19:10","slug":"toutes-les-emotions-du-motogp-en-2025","status":"publish","type":"post","link":"https:\/\/www.europesays.com\/fr\/302397\/","title":{"rendered":"toutes les \u00e9motions du MotoGP\u2122 en 2025"},"content":{"rendered":"<p>La pause estivale est l&rsquo;occasion parfaite pour se reposer et recharger les batteries avant la seconde moiti\u00e9 de l&rsquo;ann\u00e9e. Alors que les pilotes sont d\u00e9j\u00e0 sur la plage, en soir\u00e9e ou en train de se relaxer (en s&rsquo;entra\u00eenant tout de m\u00eame un peu), nous avons rassembl\u00e9 les moments les plus riches en \u00e9motions de l&rsquo;ann\u00e9e 2025 jusqu&rsquo;\u00e0 pr\u00e9sent.<\/p>\n<p>Fabio, oh Fabio. Le GP de Silverstone \u00e9tait pratiquement gagn\u00e9 pour Fabio Quartararo (Monster Energy Yamaha MotoGP\u2122). Le Fran\u00e7ais semblait sur le point de mettre fin \u00e0 sa disette du dimanche&#8230; mais le sort en a d\u00e9cid\u00e9 autrement et son Grand Prix s&rsquo;est termin\u00e9 pr\u00e9matur\u00e9ment. Un probl\u00e8me de ride-height device l&rsquo;a priv\u00e9 d&rsquo;une victoire exceptionnelle et tout le monde a pu constater la tristesse du pilote Yamaha.<\/p>\n<p>Comme on dit, le malheur des uns fait le bonheur des autres, et l&rsquo;abandon de Fabio Quartararo a permis d&rsquo;\u00e9crire une autre histoire. Marco Bezzecchi (Aprilia Racing) a jailli de la quatri\u00e8me ligne pour faire oublier la situation contractuelle d\u00e9licate entre Aprilia et Jorge Mart\u00edn (Aprilia Racing) en remportant la victoire au meilleur des moments. Le cinqui\u00e8me vainqueur diff\u00e9rent d&rsquo;affil\u00e9e en 2025&#8230;<\/p>\n<p>Remontons un peu dans le temps jusqu&rsquo;\u00e0 ce fameux GP de France au Mans. 71 ans apr\u00e8s le dernier vainqueur fran\u00e7ais en MotoGP\u2122 \u00e0 domicile, Johann Zarco (CASTROL Honda LCR) a travers\u00e9 la temp\u00eate sous les yeux de ses parents (leur premier week-end sur place) jusqu&rsquo;\u00e0 triompher dans une ambiance indescriptible. Toute l&rsquo;\u00e9motion que procure le MotoGP\u2122 r\u00e9sum\u00e9e en une vid\u00e9o.<\/p>\n<p>Comment oublier le magnifique GP du Qatar en avril dernier\u00a0? Marc M\u00e1rquez (Ducati Lenovo Team) a d\u00fb batailler pour la victoire \u00e0 Lusail, handicap\u00e9 par des \u00e9l\u00e9ments a\u00e9rodynamiques endommag\u00e9s \u00e0 l&rsquo;arri\u00e8re de sa machine. Un certain Alex M\u00e1rquez (BK8 Gresini Racing MotoGP\u2122) serait \u00e0 l&rsquo;origine de ce contact entre fr\u00e8res.<\/p>\n<p>Toujours \u00e0 Lusail, Maverick Vi\u00f1ales (Red Bull KTM Tech 3) a brill\u00e9 sous les projecteurs. Deuxi\u00e8me \u00e0 l&rsquo;arriv\u00e9e, le n\u00b012 s&rsquo;est malheureusement vu infliger une p\u00e9nalit\u00e9 pour une pression pneumatique non r\u00e9glementaire mais il est rest\u00e9 optimiste quant \u00e0 l&rsquo;avenir.<\/p>\n<p>Une foule immense remplie de fans qui ont d\u00e9barqu\u00e9 \u00e0 6 heures du matin (ou qui sont peut-\u00eatre m\u00eame rest\u00e9s dormir, qui sait) pour assister au GP de Jerez. Ce fut un moment important dans la course au titre avec la chute de Marc M\u00e1rquez et la premi\u00e8re victoire de son fr\u00e8re Alex M\u00e1rquez, qui s&#8217;emparait ce jour-l\u00e0 des commandes du Championnat du Monde pour une unit\u00e9. L&rsquo;a\u00een\u00e9 n&rsquo;a pas appr\u00e9ci\u00e9 et a rapidement corrig\u00e9 le tir&#8230;<\/p>\n<p>Enfin, aucun r\u00e9capitulatif de 2025 n&rsquo;est complet sans une visite au Mugello, n&rsquo;est-ce pas\u00a0? Ces collines, cette course au titre, cette bataille \u00e9pique et <a href=\"https:\/\/www.motogp.com\/fr\/videos\/2025\/06\/25\/unseen-why-were-marquez-and-bagnaia-were-called-to-the-stewards-in-italy\/752887\" rel=\"nofollow noopener\" target=\"_blank\">ce contact entre Marc M\u00e1rquez et Francesco Bagnaia (Ducati Lenovo Team)<\/a>. Les deux co\u00e9quipiers ont \u00e9t\u00e9 convoqu\u00e9s chez les commissaires apr\u00e8s le Grand Prix pour une petite discussion&#8230;<\/p>\n","protected":false},"excerpt":{"rendered":"La pause estivale est l&rsquo;occasion parfaite pour se reposer et recharger les batteries avant la seconde moiti\u00e9 de&hellip;\n","protected":false},"author":2,"featured_media":302398,"comment_status":"","ping_status":"","sticky":false,"template":"","format":"standard","meta":{"footnotes":""},"categories":[1413],"tags":[1011,27,1457,1456,60,2032],"class_list":{"0":"post-302397","1":"post","2":"type-post","3":"status-publish","4":"format-standard","5":"has-post-thumbnail","7":"category-moto","8":"tag-fr","9":"tag-france","10":"tag-moto","11":"tag-motocycle","12":"tag-sports","13":"tag-text"},"share_on_mastodon":{"url":"https:\/\/pubeurope.com\/@fr\/114986743454585516","error":""},"_links":{"self":[{"href":"https:\/\/www.europesays.com\/fr\/wp-json\/wp\/v2\/posts\/302397","targetHints":{"allow":["GET"]}}],"collection":[{"href":"https:\/\/www.europesays.com\/fr\/wp-json\/wp\/v2\/posts"}],"about":[{"href":"https:\/\/www.europesays.com\/fr\/wp-json\/wp\/v2\/types\/post"}],"author":[{"embeddable":true,"href":"https:\/\/www.europesays.com\/fr\/wp-json\/wp\/v2\/users\/2"}],"replies":[{"embeddable":true,"href":"https:\/\/www.europesays.com\/fr\/wp-json\/wp\/v2\/comments?post=302397"}],"version-history":[{"count":0,"href":"https:\/\/www.europesays.com\/fr\/wp-json\/wp\/v2\/posts\/302397\/revisions"}],"wp:featuredmedia":[{"embeddable":true,"href":"https:\/\/www.europesays.com\/fr\/wp-json\/wp\/v2\/media\/302398"}],"wp:attachment":[{"href":"https:\/\/www.europesays.com\/fr\/wp-json\/wp\/v2\/media?parent=302397"}],"wp:term":[{"taxonomy":"category","embeddable":true,"href":"https:\/\/www.europesays.com\/fr\/wp-json\/wp\/v2\/categories?post=302397"},{"taxonomy":"post_tag","embeddable":true,"href":"https:\/\/www.europesays.com\/fr\/wp-json\/wp\/v2\/tags?post=302397"}],"curies":[{"name":"wp","href":"https:\/\/api.w.org\/{rel}","templated":true}]}}