{"id":302399,"date":"2025-08-07T09:20:14","date_gmt":"2025-08-07T09:20:14","guid":{"rendered":"https:\/\/www.europesays.com\/fr\/302399\/"},"modified":"2025-08-07T09:20:14","modified_gmt":"2025-08-07T09:20:14","slug":"la-fia-attend-de-nouvelles-idees-des-ecuries","status":"publish","type":"post","link":"https:\/\/www.europesays.com\/fr\/302399\/","title":{"rendered":"la FIA attend de nouvelles id\u00e9es des \u00e9curies"},"content":{"rendered":"<p>Introduite cette ann\u00e9e dans l&rsquo;espoir de pimenter davantage le Grand Prix de Monaco, l&rsquo;obligation de s&rsquo;arr\u00eater au moins deux fois en course en Principaut\u00e9 &#8211; ou plus exactement d&rsquo;utiliser trois trains de pneus &#8211; a beaucoup fait parler. Cette exception, \u00e9nonc\u00e9e dans l&rsquo;article 6.3.6, figure toujours dans les textes du r\u00e8glement 2026 tels qu&rsquo;ils sont \u00e9crits \u00e0 ce jour.\u00a0<\/p>\n<p>En mai dernier, des \u00e9curies comme <a href=\"https:\/\/fr.motorsport.com\/team\/racing-bulls-610\/610\/\" target=\"_blank\" rel=\"noopener nofollow\">Racing Bulls<\/a> et <a href=\"https:\/\/fr.motorsport.com\/team\/williams\/613\/\" target=\"_blank\" rel=\"noopener nofollow\">Williams<\/a> ont exploit\u00e9 cette r\u00e8gle en utilisant l&rsquo;une de leur monoplace pour ralentir d\u00e9lib\u00e9r\u00e9ment le peloton et offrir ainsi un arr\u00eat \u00ab\u00a0gratuit\u00a0\u00bb \u00e0 l&rsquo;autre voiture. De quoi susciter un d\u00e9bat compte tenu du spectacle offert et parfois jug\u00e9 absurde, sans avoir pour autant rendu l&rsquo;\u00e9preuve plus attrayante, m\u00eame si le PDG de la F1, Stefano Domenicali, <a href=\"https:\/\/fr.motorsport.com\/f1\/news\/f1-felicite-gp-monaco-parle-buzz\/10727348\/\" target=\"_self\" rel=\"noopener nofollow\">n&rsquo;avait pas manqu\u00e9 de se f\u00e9liciter de ce qu&rsquo;il avait vu<\/a>.<\/p>\n<p>Lire aussi :<\/p>\n<p>N\u00e9anmoins, le fait que cette exception mon\u00e9gasque soit pour le moment maintenue ne signifie pas que rien ne peut \u00e9voluer d&rsquo;ici l&rsquo;\u00e9dition 2026 du Grand Prix de Monaco. En coulisses, la FIA reste ouverte sur la question et, si des id\u00e9es ou propositions s\u00e9duisantes sont mises sur la table, elles pourraient \u00eatre test\u00e9es.\u00a0<\/p>\n<p>\u00ab\u00a0Tout d&rsquo;abord, nous ne pensons pas que ce que nous avons vu cette ann\u00e9e soit forc\u00e9ment un exemple \u00e0 suivre ou un objectif \u00e0 atteindre\u00a0\u00bb, pr\u00e9cise \u00e0 <strong>Motorsport.com<\/strong> Nikolas Tombazis, responsable monoplace \u00e0 la FIA. \u00ab\u00a0Il y a clairement un probl\u00e8me \u00e0 r\u00e9soudre. Pour le moment, le r\u00e8glement 2026 inclut toujours les deux arr\u00eats pour Monaco, mais nous sommes en ao\u00fbt et Monaco a lieu en juin prochain. L&rsquo;intention est d&rsquo;en discuter davantage au sein du comit\u00e9 consultatif sportif, c&rsquo;est certain.\u00a0\u00bb<\/p>\n<p>\u00ab\u00a0Il a toujours \u00e9t\u00e9 dans notre intention de voir ce qui peut \u00eatre fait. Il est \u00e9vident qu&rsquo;il y a un probl\u00e8me li\u00e9 au trac\u00e9, ce qui fait que les d\u00e9passements sont quasiment impossibles. C&rsquo;est la cause principale de ces probl\u00e8mes, pas le fait qu&rsquo;il y ait un ou deux arr\u00eats. Cela a toujours \u00e9t\u00e9 un aspect secondaire, selon moi.\u00a0\u00bb<\/p>\n<p>\u00ab\u00a0Clairement, nous demandons aux \u00e9quipes d&rsquo;\u00eatre cr\u00e9atives et de faire des propositions. \u00c0 la FIA, nous ne sommes pas attach\u00e9s \u00e0 une solution particuli\u00e8re pour le moment. S&rsquo;il existe des propositions permettant d&rsquo;am\u00e9liorer la situation, nous les soutiendrons sans h\u00e9siter. C&rsquo;est assur\u00e9ment l&rsquo;un des sujets qui sera abord\u00e9 lors des prochaines r\u00e9unions du comit\u00e9 consultatif sportif et de la commission F1.\u00a0\u00bb<\/p>\n<p style=\"text-align: right;\">Propos recueillis par Ronald Vording<\/p>\n<p>Dans cet article<\/p>\n<p>Soyez le premier inform\u00e9 et souscrivez aux alertes mails pour recevoir les infos en temps r\u00e9el<\/p>\n<p>    S&rsquo;abonner aux alertes de news<\/p>\n","protected":false},"excerpt":{"rendered":"Introduite cette ann\u00e9e dans l&rsquo;espoir de pimenter davantage le Grand Prix de Monaco, l&rsquo;obligation de s&rsquo;arr\u00eater au moins&hellip;\n","protected":false},"author":2,"featured_media":302400,"comment_status":"","ping_status":"","sticky":false,"template":"","format":"standard","meta":{"footnotes":""},"categories":[1412],"tags":[44259,1451,1452,1453,1454,1455,1011,27,21746,3127,60],"class_list":{"0":"post-302399","1":"post","2":"type-post","3":"status-publish","4":"format-standard","5":"has-post-thumbnail","7":"category-f1","8":"tag-deux-arru00eats-u00e0-monaco-la-fia-attend-de-nouvelles-idu00e9es-des-u00e9curies","9":"tag-f1","10":"tag-formula-1","11":"tag-formula1","12":"tag-formule-1","13":"tag-formule1","14":"tag-fr","15":"tag-france","16":"tag-gp-de-hongrie","17":"tag-monaco","18":"tag-sports"},"share_on_mastodon":{"url":"https:\/\/pubeurope.com\/@fr\/114986747405696574","error":""},"_links":{"self":[{"href":"https:\/\/www.europesays.com\/fr\/wp-json\/wp\/v2\/posts\/302399","targetHints":{"allow":["GET"]}}],"collection":[{"href":"https:\/\/www.europesays.com\/fr\/wp-json\/wp\/v2\/posts"}],"about":[{"href":"https:\/\/www.europesays.com\/fr\/wp-json\/wp\/v2\/types\/post"}],"author":[{"embeddable":true,"href":"https:\/\/www.europesays.com\/fr\/wp-json\/wp\/v2\/users\/2"}],"replies":[{"embeddable":true,"href":"https:\/\/www.europesays.com\/fr\/wp-json\/wp\/v2\/comments?post=302399"}],"version-history":[{"count":0,"href":"https:\/\/www.europesays.com\/fr\/wp-json\/wp\/v2\/posts\/302399\/revisions"}],"wp:featuredmedia":[{"embeddable":true,"href":"https:\/\/www.europesays.com\/fr\/wp-json\/wp\/v2\/media\/302400"}],"wp:attachment":[{"href":"https:\/\/www.europesays.com\/fr\/wp-json\/wp\/v2\/media?parent=302399"}],"wp:term":[{"taxonomy":"category","embeddable":true,"href":"https:\/\/www.europesays.com\/fr\/wp-json\/wp\/v2\/categories?post=302399"},{"taxonomy":"post_tag","embeddable":true,"href":"https:\/\/www.europesays.com\/fr\/wp-json\/wp\/v2\/tags?post=302399"}],"curies":[{"name":"wp","href":"https:\/\/api.w.org\/{rel}","templated":true}]}}