{"id":302405,"date":"2025-08-07T09:23:11","date_gmt":"2025-08-07T09:23:11","guid":{"rendered":"https:\/\/www.europesays.com\/fr\/302405\/"},"modified":"2025-08-07T09:23:11","modified_gmt":"2025-08-07T09:23:11","slug":"deces-a-88-ans-du-legendaire-salsero-eddie-palmieri-actualites","status":"publish","type":"post","link":"https:\/\/www.europesays.com\/fr\/302405\/","title":{"rendered":"D\u00e9c\u00e8s \u00e0 88 ans du l\u00e9gendaire salsero Eddie Palmieri : Actualit\u00e9s"},"content":{"rendered":"<p class=\"lead \">Le l\u00e9gendaire salsero d&rsquo;origine porto-ricaine Eddie Palmieri, qui avait r\u00e9volutionn\u00e9 la musique latino en la m\u00e9langeant avec d&rsquo;autres rythmes et avec des messages sociaux engag\u00e9s, est d\u00e9c\u00e9d\u00e9 mercredi aux Etats-Unis \u00e0 l&rsquo;\u00e2ge de 88 ans, ont annonc\u00e9 ses proches.<\/p>\n<p class=\"lead \">\u00ab\u00a0Le l\u00e9gendaire pianiste, compositeur, leader de groupe, et une des figures les plus influentes de l&rsquo;histoire de la musique latino est d\u00e9c\u00e9d\u00e9 dans sa maison du New Jersey le 6 ao\u00fbt\u00a0\u00bb, indique le compte Instagram du musicien.<\/p>\n<p class=\"lead \">Fils de Porto-Ricains, Eddie Palmieri \u00e9tait n\u00e9 dans le quartier de Spanish Harlem \u00e0 New York en 1936. Fr\u00e8re cadet du c\u00e9l\u00e8bre pianiste Charlie Palmieri, il avait commenc\u00e9 sa carri\u00e8re musicale tr\u00e8s t\u00f4t, jouant du piano et des timbales dans des groupes new-yorkais pendant son adolescence et c\u00f4toyant pendant deux ans la l\u00e9gende de la musique porto-ricaine Tito Rodriguez.<\/p>\n<p class=\"lead \">En 1961, il avait fond\u00e9 le groupe La Perfecta, qui avait red\u00e9fini la salsa en rempla\u00e7ant les trompettes par des trombones. Quatre ans plus tard, sa chanson \u00ab\u00a0Azucar Pa&rsquo;Ti\u00a0\u00bb avait fait fureur sur les pistes de danse.<\/p>\n<p class=\"lead \">Premier artiste latino \u00e0 gagner un Grammy Award avec son album \u00ab\u00a0The Sun of Latin Music\u00a0\u00bb (il en recevra dix au total au cours de sa vie), Palmieri est connu pour avoir profond\u00e9ment transform\u00e9 le jazz latino et la salsa au cours de ses plus de 70 ans de carri\u00e8re, la m\u00e9langeant avec le funk et la soul.<\/p>\n<p class=\"lead \">Il \u00e9tait aussi un des premiers salseros \u00e0 avoir adopt\u00e9 un ton engag\u00e9 dans ses compositions. Son album \u00ab\u00a0Justicia\u00a0\u00bb, en 1969, abordait les th\u00e8mes des in\u00e9galit\u00e9s, des injustices sociales et des discriminations avec les voix d&rsquo;Ismael Quintana et Justo Betancourt.<\/p>\n<p class=\"lead \">Lors d&rsquo;un \u00e9pisode rest\u00e9 c\u00e9l\u00e8bre, il avait enregistr\u00e9 en live un album de deux volumes dans la sinistre prison de Sing Sing, dans l&rsquo;Etat de New York, dont la population \u00e9tait majoritairement noire et latino-am\u00e9ricaine, s&rsquo;\u00e9criant: \u00ab\u00a0pour toute l&rsquo;humanit\u00e9!\u00a0\u00bb \u00e0 travers un haut-parleur dans la cour de promenade.<\/p>\n<p class=\"lead \">\u00ab\u00a0Connu pour son style pianistique percutant et ses compositions audacieuses qui d\u00e9fiaient les genres, il \u00e9tait un innovateur intr\u00e9pide qui rendait hommage \u00e0 ses racines afro-carib\u00e9ennes tout en repoussant les limites musicales\u00a0\u00bb, ont \u00e9crit ses proches sur son compte Instagram.<\/p>\n<p class=\"small font-weight-bold text-gray3 \"> publi\u00e9 le 7 ao\u00fbt \u00e0 06h07, AFP<\/p>\n<p>                             Partager<\/p>\n","protected":false},"excerpt":{"rendered":"Le l\u00e9gendaire salsero d&rsquo;origine porto-ricaine Eddie Palmieri, qui avait r\u00e9volutionn\u00e9 la musique latino en la m\u00e9langeant avec d&rsquo;autres&hellip;\n","protected":false},"author":2,"featured_media":302406,"comment_status":"","ping_status":"","sticky":false,"template":"","format":"standard","meta":{"footnotes":""},"categories":[1359],"tags":[58,12621,59,44260,1011,27,873,973,31504],"class_list":{"0":"post-302405","1":"post","2":"type-post","3":"status-publish","4":"format-standard","5":"has-post-thumbnail","7":"category-people","8":"tag-divertissement","9":"tag-eeuu","10":"tag-entertainment","11":"tag-entretenimiento","12":"tag-fr","13":"tag-france","14":"tag-musique","15":"tag-people","16":"tag-salsa"},"share_on_mastodon":{"url":"https:\/\/pubeurope.com\/@fr\/114986759183893503","error":""},"_links":{"self":[{"href":"https:\/\/www.europesays.com\/fr\/wp-json\/wp\/v2\/posts\/302405","targetHints":{"allow":["GET"]}}],"collection":[{"href":"https:\/\/www.europesays.com\/fr\/wp-json\/wp\/v2\/posts"}],"about":[{"href":"https:\/\/www.europesays.com\/fr\/wp-json\/wp\/v2\/types\/post"}],"author":[{"embeddable":true,"href":"https:\/\/www.europesays.com\/fr\/wp-json\/wp\/v2\/users\/2"}],"replies":[{"embeddable":true,"href":"https:\/\/www.europesays.com\/fr\/wp-json\/wp\/v2\/comments?post=302405"}],"version-history":[{"count":0,"href":"https:\/\/www.europesays.com\/fr\/wp-json\/wp\/v2\/posts\/302405\/revisions"}],"wp:featuredmedia":[{"embeddable":true,"href":"https:\/\/www.europesays.com\/fr\/wp-json\/wp\/v2\/media\/302406"}],"wp:attachment":[{"href":"https:\/\/www.europesays.com\/fr\/wp-json\/wp\/v2\/media?parent=302405"}],"wp:term":[{"taxonomy":"category","embeddable":true,"href":"https:\/\/www.europesays.com\/fr\/wp-json\/wp\/v2\/categories?post=302405"},{"taxonomy":"post_tag","embeddable":true,"href":"https:\/\/www.europesays.com\/fr\/wp-json\/wp\/v2\/tags?post=302405"}],"curies":[{"name":"wp","href":"https:\/\/api.w.org\/{rel}","templated":true}]}}