{"id":302407,"date":"2025-08-07T09:24:10","date_gmt":"2025-08-07T09:24:10","guid":{"rendered":"https:\/\/www.europesays.com\/fr\/302407\/"},"modified":"2025-08-07T09:24:10","modified_gmt":"2025-08-07T09:24:10","slug":"david-armstrong-a-arles-les-photos-de-la-jeunesse-perdue","status":"publish","type":"post","link":"https:\/\/www.europesays.com\/fr\/302407\/","title":{"rendered":"David Armstrong \u00e0 Arles, les photos de la jeunesse perdue"},"content":{"rendered":"<p>L\u2019\u0153il malicieux, l\u2019\u00e9paule d\u00e9nud\u00e9e, l\u2019allure bravache et juv\u00e9nile, voici Nan Goldin en noir blanc. Elle expose elle-m\u00eame dans le cadre des rencontres d\u2019Arles, mais figure aussi dans l\u2019exposition \u00e0 LUMA Arles du photographe am\u00e9ricain David Armstrong (1954-2014).<\/p>\n<p>Rien d\u2019\u00e9tonnant \u00e0 sa pr\u00e9sence parmi les nombreux portraits en noir et blanc, souvent d\u2019hommes jeunes, saisis par David Armstrong. Nan Goldin et David Armstrong se sont connus adolescents \u00e0\u00a0l\u2019\u00e9cole, avant d\u2019\u00e9tudier ensemble l\u2019art \u00e0 Boston \u2013 la peinture pour David Armstrong, qui la d\u00e9laissera pour la\u00a0photo. Ils font la f\u00eate \u00e0 Boston, puis partent en 1977 pour New York, o\u00f9 ils sont colocataires, \u00e9tudient et photographient l\u2019underground.<\/p>\n","protected":false},"excerpt":{"rendered":"L\u2019\u0153il malicieux, l\u2019\u00e9paule d\u00e9nud\u00e9e, l\u2019allure bravache et juv\u00e9nile, voici Nan Goldin en noir blanc. Elle expose elle-m\u00eame dans&hellip;\n","protected":false},"author":2,"featured_media":302408,"comment_status":"","ping_status":"","sticky":false,"template":"","format":"standard","meta":{"footnotes":""},"categories":[1358],"tags":[1348,1384,1385,1386,58,59,3297,1011,27,14022,1756,301,42310],"class_list":{"0":"post-302407","1":"post","2":"type-post","3":"status-publish","4":"format-standard","5":"has-post-thumbnail","7":"category-arts-et-design","8":"tag-arts","9":"tag-arts-and-design","10":"tag-arts-et-design","11":"tag-design","12":"tag-divertissement","13":"tag-entertainment","14":"tag-entre-temps","15":"tag-fr","16":"tag-france","17":"tag-musees-et-expositions","18":"tag-photographie","19":"tag-premium","20":"tag-rencontres-de-la-photographie-darles"},"share_on_mastodon":{"url":"https:\/\/pubeurope.com\/@fr\/114986763059813865","error":""},"_links":{"self":[{"href":"https:\/\/www.europesays.com\/fr\/wp-json\/wp\/v2\/posts\/302407","targetHints":{"allow":["GET"]}}],"collection":[{"href":"https:\/\/www.europesays.com\/fr\/wp-json\/wp\/v2\/posts"}],"about":[{"href":"https:\/\/www.europesays.com\/fr\/wp-json\/wp\/v2\/types\/post"}],"author":[{"embeddable":true,"href":"https:\/\/www.europesays.com\/fr\/wp-json\/wp\/v2\/users\/2"}],"replies":[{"embeddable":true,"href":"https:\/\/www.europesays.com\/fr\/wp-json\/wp\/v2\/comments?post=302407"}],"version-history":[{"count":0,"href":"https:\/\/www.europesays.com\/fr\/wp-json\/wp\/v2\/posts\/302407\/revisions"}],"wp:featuredmedia":[{"embeddable":true,"href":"https:\/\/www.europesays.com\/fr\/wp-json\/wp\/v2\/media\/302408"}],"wp:attachment":[{"href":"https:\/\/www.europesays.com\/fr\/wp-json\/wp\/v2\/media?parent=302407"}],"wp:term":[{"taxonomy":"category","embeddable":true,"href":"https:\/\/www.europesays.com\/fr\/wp-json\/wp\/v2\/categories?post=302407"},{"taxonomy":"post_tag","embeddable":true,"href":"https:\/\/www.europesays.com\/fr\/wp-json\/wp\/v2\/tags?post=302407"}],"curies":[{"name":"wp","href":"https:\/\/api.w.org\/{rel}","templated":true}]}}