{"id":302409,"date":"2025-08-07T09:25:18","date_gmt":"2025-08-07T09:25:18","guid":{"rendered":"https:\/\/www.europesays.com\/fr\/302409\/"},"modified":"2025-08-07T09:25:18","modified_gmt":"2025-08-07T09:25:18","slug":"lecture-de-plage-5-6-chatiment-de-percival-everett","status":"publish","type":"post","link":"https:\/\/www.europesays.com\/fr\/302409\/","title":{"rendered":"Lecture de plage (5\/6) : \u00ab Ch\u00e2timent \u00bb de Percival Everett"},"content":{"rendered":"<p>Prendre du bon temps et se pr\u00e9lasser au soleil un bouquin \u00e0 la main. Mais lequel prendre au moment de boucler ses valises ? La r\u00e9daction de RTN vous propose chaque jeudi des vacances scolaires de d\u00e9couvrir un ouvrage dans le cadre de notre s\u00e9rie \u00ab lecture de plage \u00bb. Mathias Jaquenod, libraire chez Payot Neuch\u00e2tel, a \u00e9t\u00e9 invit\u00e9 \u00e0 partager ses go\u00fbts personnels et \u00e0 choisir six livres coups de c\u0153ur. <\/p>\n<p>Pour ce cinqui\u00e8me et avant-dernier volet, direction les \u00c9tats-Unis. \u00ab Ch\u00e2timent \u00bb, le roman policier de l\u2019auteur afro-am\u00e9ricain Percival Everett emm\u00e8ne le lecteur dans le Mississippi \u00ab avec beaucoup de Redneck, des groupes bien racistes et trumpistes \u00e0 souhait\u00a0\u00bb. Percival Everett est \u00e9galement professeur de litt\u00e9rature, po\u00e8te et peintre. \u00ab Il a donc beaucoup de connaissance en art. \u00bb Dans ce roman, l\u2019auteur parle de lynchages d\u2019Afro-Am\u00e9ricain sur pratiquement un si\u00e8cle. L\u2019histoire commence avec une sc\u00e8ne d\u2019une violence extr\u00eame. Le cadavre d\u2019un homme blanc et retrouv\u00e9 \u00e0 c\u00f4t\u00e9 de celui d\u2019un homme noir qui tient les testicules de l\u2019homme blanc. \u00ab Mais comment sont-ils morts en m\u00eame temps ? C\u2019est le postulat de d\u00e9part de ce roman. \u00bb Les enqu\u00eateurs de ce crime, qui sont Afro-Am\u00e9ricains, vont avoir beaucoup de difficult\u00e9s \u00e0 \u00eatre pris au s\u00e9rieux par le sh\u00e9rif \u00ab qui est blanc et qui fait partie du Ku Klux Klan, comme la plupart des personnes dans la ville \u00bb. <\/p>\n<p> \u00a0 <\/p>\n<p>Certaines sc\u00e8nes, notamment celles des meurtres, sont assez violentes. \u00ab Mais la th\u00e9matique de fond est vraiment int\u00e9ressante. \u00bb<\/p>\n<p>Mathias Jaquenod a particuli\u00e8rement aim\u00e9 le roman de Percival Everett parce \u00ab qu\u2019il d\u00e9teste le racisme \u00bb. Il voulait donc voir de l\u2019int\u00e9rieur comment un auteur noir am\u00e9ricain arrive \u00e0 parler de cela.<\/p>\n<p>Jeudi prochain, place au 6e et dernier volet de notre s\u00e9rie d\u2019\u00e9t\u00e9 \u00ab lecture de plage \u00bb avec un nouvel ouvrage propos\u00e9 par Mathias Jaquenod, libraire chez Payot Neuch\u00e2tel. \/jpp-sma<\/p>\n","protected":false},"excerpt":{"rendered":"Prendre du bon temps et se pr\u00e9lasser au soleil un bouquin \u00e0 la main. Mais lequel prendre au&hellip;\n","protected":false},"author":2,"featured_media":302410,"comment_status":"","ping_status":"","sticky":false,"template":"","format":"standard","meta":{"footnotes":""},"categories":[1357],"tags":[1829,1832,1836,1379,1827,58,59,1011,27,1830,1831,1826,1844,1840,1380,1839,1841,1838,1843,1828,1834,1825,1833,1822,1823,1824,1837,1835,1842],"class_list":{"0":"post-302409","1":"post","2":"type-post","3":"status-publish","4":"format-standard","5":"has-post-thumbnail","7":"category-livres","8":"tag-ajoie","9":"tag-animation","10":"tag-bienne","11":"tag-books","12":"tag-delemont","13":"tag-divertissement","14":"tag-entertainment","15":"tag-fr","16":"tag-france","17":"tag-franches-montagnes","18":"tag-frequence","19":"tag-jura","20":"tag-jura-bernois","21":"tag-la-chaux-de-fonds","22":"tag-livres","23":"tag-moutier","24":"tag-neuchatel","25":"tag-neuveville","26":"tag-payerne","27":"tag-porrentruy","28":"tag-publicite","29":"tag-radio","30":"tag-redaction","31":"tag-rfj","32":"tag-rjb","33":"tag-rtn","34":"tag-tavannes","35":"tag-vallon-de-st-imier","36":"tag-yverdon"},"share_on_mastodon":{"url":"https:\/\/pubeurope.com\/@fr\/114986767498733171","error":""},"_links":{"self":[{"href":"https:\/\/www.europesays.com\/fr\/wp-json\/wp\/v2\/posts\/302409","targetHints":{"allow":["GET"]}}],"collection":[{"href":"https:\/\/www.europesays.com\/fr\/wp-json\/wp\/v2\/posts"}],"about":[{"href":"https:\/\/www.europesays.com\/fr\/wp-json\/wp\/v2\/types\/post"}],"author":[{"embeddable":true,"href":"https:\/\/www.europesays.com\/fr\/wp-json\/wp\/v2\/users\/2"}],"replies":[{"embeddable":true,"href":"https:\/\/www.europesays.com\/fr\/wp-json\/wp\/v2\/comments?post=302409"}],"version-history":[{"count":0,"href":"https:\/\/www.europesays.com\/fr\/wp-json\/wp\/v2\/posts\/302409\/revisions"}],"wp:featuredmedia":[{"embeddable":true,"href":"https:\/\/www.europesays.com\/fr\/wp-json\/wp\/v2\/media\/302410"}],"wp:attachment":[{"href":"https:\/\/www.europesays.com\/fr\/wp-json\/wp\/v2\/media?parent=302409"}],"wp:term":[{"taxonomy":"category","embeddable":true,"href":"https:\/\/www.europesays.com\/fr\/wp-json\/wp\/v2\/categories?post=302409"},{"taxonomy":"post_tag","embeddable":true,"href":"https:\/\/www.europesays.com\/fr\/wp-json\/wp\/v2\/tags?post=302409"}],"curies":[{"name":"wp","href":"https:\/\/api.w.org\/{rel}","templated":true}]}}