{"id":302413,"date":"2025-08-07T09:27:21","date_gmt":"2025-08-07T09:27:21","guid":{"rendered":"https:\/\/www.europesays.com\/fr\/302413\/"},"modified":"2025-08-07T09:27:21","modified_gmt":"2025-08-07T09:27:21","slug":"ce-chanteur-des-annees-70-sest-eteint","status":"publish","type":"post","link":"https:\/\/www.europesays.com\/fr\/302413\/","title":{"rendered":"ce chanteur des ann\u00e9es 70 s&rsquo;est \u00e9teint"},"content":{"rendered":"<p><img decoding=\"async\" src=\"https:\/\/www.europesays.com\/fr\/wp-content\/uploads\/2025\/08\/photo_1754475800.jpg\" class=\"textcenter img-content\" loading=\"lazy\"\/>Alamy<br \/>\n<br \/>\nOn le surnommait \u00ab\u00a0Superlungs\u00a0\u00bb (\u00ab\u00a0Superpoumons\u00a0\u00bb) pour sa voix jug\u00e9e exceptionnelle. Le chanteur et musicien Terry Reid vient de mourir \u00e0 l&rsquo;\u00e2ge de 75 ans. Souffrant d&rsquo;un cancer depuis plusieurs mois, il avait annul\u00e9 r\u00e9cemment tous ses concerts en raison de ses probl\u00e8mes de sant\u00e9. Le guitariste Joe Bonamassa a \u00e9t\u00e9 l&rsquo;un des premiers artistes \u00e0 r\u00e9agir, saluant le d\u00e9part d&rsquo;\u00ab un des plus grands \u00bb. Si son nom ne vous dit rien, sa carri\u00e8re est intimement li\u00e9e \u00e0 trois des plus grands groupes de rock des ann\u00e9es 60 et 70. <\/p>\n<p>Terry Reid se fait un nom d\u00e8s 1966. Alors \u00e2g\u00e9 seulement de 17 ans, il rejoint le groupe Peter Jay and the Jaywalkers en tant que chanteur et assure la premi\u00e8re partie de la tourn\u00e9e des Rolling Stones cette ann\u00e9e-l\u00e0. Apr\u00e8s la dissolution de la bande, il se lance en solo et ouvre les concerts am\u00e9ricains du groupe Cream, avec Eric Clapton, en 1968. C&rsquo;est alors qu&rsquo;il attire l&rsquo;attention de Jimmy Page. <\/p>\n<p>Le player Dailymotion est en train de se charger&#8230;<\/p>\n<p>Il refuse d&rsquo;\u00eatre le chanteur de Led Zeppelin et Deep Purple !<br \/>\nAlors guitariste des Yardbirds, Jimmy Page propose \u00e0 Terry Reid de rejoindre, en tant que chanteur, son nouveau groupe : <a href=\"https:\/\/www.chartsinfrance.net\/Led-Zeppelin\/news-77410.html\" target=\"_blank\" class=\"spip_out\" rel=\"nofollow noopener\">Led Zeppelin<\/a>. Reid, qui s&rsquo;appr\u00eate \u00e0 repartir en tourn\u00e9e am\u00e9ricaine avec les Rolling Stones, refuse. \u00ab Je ne savais pas quoi faire. Au final, j&rsquo;ai renvoy\u00e9 la balle dans le camp de Jimmy. Je lui ai dit \u00ab\u00a0Tu devrais parler \u00e0 Keith [Richards] et lui dire que je n&rsquo;irai pas\u00a0\u00bb \u00bb rappelait-il au magazine <a href=\"https:\/\/www.loudersound.com\/features\/terry-reid\" target=\"_blank\" class=\"spip_out\" rel=\"nofollow noopener\">Classic Rock<\/a> : \u00ab Mais Jimmy a refus\u00e9 et a dit \u00ab\u00a0Je ne veux pas qu&rsquo;il me tire dans la jambe\u00a0\u00bb. D\u00e9j\u00e0 \u00e0 l&rsquo;\u00e9poque, Keith avait une r\u00e9putation. J&rsquo;ai donc fini par aller en Am\u00e9rique avec les Stones \u00bb. Il lui recommande \u00e0 la place un jeune chanteur venu de Birmingham, Robert Plant, qui prendra sa place. Et le reste appartient \u00e0 l&rsquo;histoire. Terry Reid d\u00e9clarait l&rsquo;ann\u00e9e derni\u00e8re au <a href=\"https:\/\/www.theguardian.com\/music\/2024\/sep\/18\/terry-reid-british-pop\" target=\"_blank\" class=\"spip_out\" rel=\"nofollow noopener\">Guardian<\/a> : \u00ab J&rsquo;ai contribu\u00e9 \u00e0 la moiti\u00e9 du groupe, j&rsquo;ai fait ma part du boulot ! \u00bb.<\/p>\n<p>Un artiste \u00e0 la carri\u00e8re fascinante<br \/>\nAu m\u00eame moment, l&rsquo;artiste anglais refuse \u00e9galement l&rsquo;offre de Ritchie Blackmore pour rejoindre Deep Purple comme nouveau chanteur. C&rsquo;est finalement Ian Gillan qui prendra sa place. Tournant en premi\u00e8re partie de Jethro Tull ou Fleetwood Mac, Terry Reid poursuit en parall\u00e8le sa carri\u00e8re solo. Son troisi\u00e8me album \u00ab\u00a0River\u00a0\u00bb, sorti en 1973, est un \u00e9chec commercial mais lui vaut les \u00e9loges de la presse musicale. Dans les ann\u00e9es 80, il met sa carri\u00e8re de chanteur sur pause et devient musicien de session. \u00ab \u00c7a paye mieux \u00bb assurait-il avec humour. On le retrouve notamment aux cr\u00e9dits d&rsquo;albums de Bonnie Raitt, DJ Shadow, Joe Perry d&rsquo;Aerosmith ou Don Henley. Dans les ann\u00e9es 90, il sort son dernier album \u00ab\u00a0The Driver\u00a0\u00bb et travaille avec un producteur alors inconnu, un certain Dr. Dre. \u00ab Il \u00e9tait fascin\u00e9 par [mon album] \u00ab\u00a0Seed of Memory\u00a0\u00bb et m&rsquo;a invit\u00e9 dans son studio o\u00f9 il l&rsquo;a retravaill\u00e9 avec des rappeurs. C&rsquo;\u00e9tait une exp\u00e9rience fascinante \u00bb se rem\u00e9morait-il.<\/p>\n<p>Ainsi, s&rsquo;il n&rsquo;a jamais \u00e9t\u00e9 une immense gloire populaire, Terry Reid \u00e9tait tr\u00e8s respect\u00e9 par l&rsquo;industrie mais aussi ses pairs. La l\u00e9gendaire Aretha Franklin a d&rsquo;ailleurs confi\u00e9 \u00e0 son sujet : \u00ab Il y a uniquement trois choses qui se sont produites en Angleterre : les Rolling Stones, les Beatles et Terry Reid \u00bb. Quelques heures apr\u00e8s sa disparition, Robert Plant de Led Zeppelin s&rsquo;est fendu d&rsquo;un message en hommage sur les r\u00e9seaux sociaux : \u00ab Son enthousiasme et son soutien \u00e9tait incroyables \u00e0 l&rsquo;\u00e9poque. (&#8230;) Il avait tout : un tel charisme, une voix, une tessiture.  Ses chansons capturaient cette \u00e9poque insouciante. Il \u00e9tait vraiment \u00ab\u00a0Superlungs\u00a0\u00bb. Il m&rsquo;a catapult\u00e9 dans un monde nouveau et intense qu&rsquo;il a choisi de refuser. J&rsquo;\u00e9coute maintenant son album \u00ab\u00a0River\u00a0\u00bb et je verse une larme pour mon fr\u00e8re d&rsquo;armes \u00bb.<\/p>\n<blockquote class=\"instagram-media\" data-instgrm-captioned=\"\" data-instgrm-permalink=\"https:\/\/www.instagram.com\/p\/DM-w7rJshw6\/?utm_source=ig_embed&amp;utm_campaign=loading\" data-instgrm-version=\"14\" style=\" background:#FFF; border:0; border-radius:3px; box-shadow:0 0 1px 0 rgba(0,0,0,0.5),0 1px 10px 0 rgba(0,0,0,0.15); margin: 1px; max-width:540px; min-width:326px; padding:0; width:99.375%; width:-webkit-calc(100% - 2px); width:calc(100% - 2px);\"\/><p>\n<script async src=\"\/\/www.instagram.com\/embed.js\"><\/script><\/p>\n","protected":false},"excerpt":{"rendered":"Alamy On le surnommait \u00ab\u00a0Superlungs\u00a0\u00bb (\u00ab\u00a0Superpoumons\u00a0\u00bb) pour sa voix jug\u00e9e exceptionnelle. Le chanteur et musicien Terry Reid vient&hellip;\n","protected":false},"author":2,"featured_media":302414,"comment_status":"","ping_status":"","sticky":false,"template":"","format":"standard","meta":{"footnotes":""},"categories":[1355],"tags":[58,59,1011,27,1361,873],"class_list":{"0":"post-302413","1":"post","2":"type-post","3":"status-publish","4":"format-standard","5":"has-post-thumbnail","7":"category-musique","8":"tag-divertissement","9":"tag-entertainment","10":"tag-fr","11":"tag-france","12":"tag-music","13":"tag-musique"},"share_on_mastodon":{"url":"https:\/\/pubeurope.com\/@fr\/114986775008528605","error":""},"_links":{"self":[{"href":"https:\/\/www.europesays.com\/fr\/wp-json\/wp\/v2\/posts\/302413","targetHints":{"allow":["GET"]}}],"collection":[{"href":"https:\/\/www.europesays.com\/fr\/wp-json\/wp\/v2\/posts"}],"about":[{"href":"https:\/\/www.europesays.com\/fr\/wp-json\/wp\/v2\/types\/post"}],"author":[{"embeddable":true,"href":"https:\/\/www.europesays.com\/fr\/wp-json\/wp\/v2\/users\/2"}],"replies":[{"embeddable":true,"href":"https:\/\/www.europesays.com\/fr\/wp-json\/wp\/v2\/comments?post=302413"}],"version-history":[{"count":0,"href":"https:\/\/www.europesays.com\/fr\/wp-json\/wp\/v2\/posts\/302413\/revisions"}],"wp:featuredmedia":[{"embeddable":true,"href":"https:\/\/www.europesays.com\/fr\/wp-json\/wp\/v2\/media\/302414"}],"wp:attachment":[{"href":"https:\/\/www.europesays.com\/fr\/wp-json\/wp\/v2\/media?parent=302413"}],"wp:term":[{"taxonomy":"category","embeddable":true,"href":"https:\/\/www.europesays.com\/fr\/wp-json\/wp\/v2\/categories?post=302413"},{"taxonomy":"post_tag","embeddable":true,"href":"https:\/\/www.europesays.com\/fr\/wp-json\/wp\/v2\/tags?post=302413"}],"curies":[{"name":"wp","href":"https:\/\/api.w.org\/{rel}","templated":true}]}}