{"id":302415,"date":"2025-08-07T09:28:20","date_gmt":"2025-08-07T09:28:20","guid":{"rendered":"https:\/\/www.europesays.com\/fr\/302415\/"},"modified":"2025-08-07T09:28:20","modified_gmt":"2025-08-07T09:28:20","slug":"avatar-4-avatar-5-avatar-6-film-danimation-avatar-serie-avatar-faut-il-debrancher-james-cameron-liberation","status":"publish","type":"post","link":"https:\/\/www.europesays.com\/fr\/302415\/","title":{"rendered":"Avatar 4, Avatar 5, Avatar 6, film d\u2019animation Avatar, s\u00e9rie Avatar : faut-il d\u00e9brancher James Cameron &#8211; Lib\u00e9ration"},"content":{"rendered":"<ol>\n<li><a href=\"https:\/\/news.google.com\/rss\/articles\/CBMi7gFBVV95cUxQNk1WVU1iUUdxUTU2emNRZnpabTBySzZkR0ViRDlYQU1LRlN4bS1iUVBCa2VxQThqNTdtMGhINTlHelFqVXc5ZTFRSWZIeXdyWXR2X0Z3UTJKQ2xQUEc4amRxRVY4VFRMZVBXVGZyeUFhbjhGUVljWjBwQm5hdXZ3RlJpNWZZSjBYOGh2Mmdvd2FnX09McG5KRWEwR0tzQmRwZmtReXFkTmRLby12bmx4Q3RuRzUxN08xcXBuSmVtTmlyT1Ria0k1ODc1OVFYU1RjVXNOSlVSUVEtN2JUcjBaV2s0XzlySTFSZl8waWZn?oc=5\" target=\"_blank\" rel=\"noopener\">Avatar 4, Avatar 5, Avatar 6, film d\u2019animation Avatar, s\u00e9rie Avatar : faut-il d\u00e9brancher James Cameron<\/a>&nbsp;&nbsp;Lib\u00e9ration<\/li>\n<li><a href=\"https:\/\/news.google.com\/rss\/articles\/CBMiiwFBVV95cUxOSzNyR0sweUE0X3owRFBfdXFzclBCdTY2bXByMk4tTXVpeWdnaEg2NGNicnR0dWtMd0hDOGxVRXhkWWgzMFdwb04wUkt0Sk5tOU0yMlNtZnBnWmR1NlMzc2VRVHlUWlpkVkhRUEpSNHg2dHFpYWU3MGxFb0dQalFtNnV6M2p2UnVBX1lz?oc=5\" target=\"_blank\" rel=\"noopener\">Avatar : De feu et de cendres : le cin\u00e9ma 3D en HFR<\/a>&nbsp;&nbsp;Son-vid\u00e9o.com<\/li>\n<li><a href=\"https:\/\/news.google.com\/rss\/articles\/CBMixgFBVV95cUxQRl9wZTg3cWc1WFhmWU1ScV9mYTJ2S2FBRjJJZ1hTU3RzeWZoYWJ5R29nNklvd2xqV3NEc1RaRjZQb20wd0NBLXRfOXp1d3BDQy02UTVIQTRleFVRbGd3RHE2TDR2X0pzV2FLUEswLTZqRVlOcDJrM2FQNS1tdVNfVEEtUnZQZTY4b3ZnQklsRXJ1X0RMYTdTeW9GcDk4cEpTT2RSa1VxVTI4OElsNHBWUG5TX0FqU2JMdDVOR0tmM1dxRTRpOGc?oc=5\" target=\"_blank\" rel=\"noopener\">James Cameron r\u00e9v\u00e8le dans Empire Magazine ses ambitions pour Avatar : De Feu et de Cendres et au del\u00e0<\/a>&nbsp;&nbsp;Disneyphile<\/li>\n<li><a href=\"https:\/\/news.google.com\/rss\/articles\/CBMikwFBVV95cUxQbDlJQWxNdktsWGFkQVVMaEpveFRwV0VsdXRjVkExNmZwOUdjaTRXSFBpZnNyTFE2ME1nbmZnVVBXdjVHbThtd2NJdVBiRVpmWE40ajYtR0JBMUhJMVlEcWJuM21XMlZ6aGpHa2UtQ2VuTk9LVy12cjNYMzEwUnZVYWE4UVBNUEE0bTJmZzFBVTJRclU?oc=5\" target=\"_blank\" rel=\"noopener\">Avatar 3 : qui est Varang, la nouvelle \u00ab m\u00e9chante \u00bb de la saga de James Cameron ?<\/a>&nbsp;&nbsp;Ecran Large<\/li>\n<li><a href=\"https:\/\/news.google.com\/rss\/articles\/CBMi6AFBVV95cUxNTTlnNnlLbGttd0Rsd0hNNkF0emt2a251QW5sYWxHdTZVMUZ3STIxbWw4dEoxZEg1VGZNWHA1eVkxd3Y2TVM4UWRUY1BpQTE0VFpGS0Vlb3BMdGtFeDBTbDFZQUFZWmI0ZGphN1ZpdG1leTd2VVVfU29CbTc0NHlMcjRjc3Y1SnVrQ3lrNFlSb1hwTmwwSjNsb1lXdC1aSEI3RGt6RlN2QndIeDRyaHVyMzFuUU5YT1BhMThkbzMwRE1MOVlEcE92Tl9WXzlYNlVyRldSQjA3YVhCSUtkb2Jockh2eEJRNDF3?oc=5\" target=\"_blank\" rel=\"noopener\">Sam Worthington d\u00e9crit le chemin \u00ab\u00a0douloureux\u00a0\u00bb que doit parcourir Jake Sully dans le film \u00ab\u00a0La vie en rose\u00a0\u00bb. Avatar: Fire &amp; Ash<\/a>&nbsp;&nbsp;Gamereactor France<\/li>\n<\/ol>\n","protected":false},"excerpt":{"rendered":"Avatar 4, Avatar 5, Avatar 6, film d\u2019animation Avatar, s\u00e9rie Avatar : faut-il d\u00e9brancher James Cameron&nbsp;&nbsp;Lib\u00e9ration Avatar :&hellip;\n","protected":false},"author":2,"featured_media":302416,"comment_status":"","ping_status":"","sticky":false,"template":"","format":"standard","meta":{"footnotes":""},"categories":[1354],"tags":[44261,44262,58,59,1346,1011,27,1360,44263,42786],"class_list":{"0":"post-302415","1":"post","2":"type-post","3":"status-publish","4":"format-standard","5":"has-post-thumbnail","7":"category-films","8":"tag-20th-century-studios","9":"tag-avatar-fire-and-ash","10":"tag-divertissement","11":"tag-entertainment","12":"tag-films","13":"tag-fr","14":"tag-france","15":"tag-movies","16":"tag-neytiri","17":"tag-zoe-saldana"},"share_on_mastodon":{"url":"https:\/\/pubeurope.com\/@fr\/114986778844746326","error":""},"_links":{"self":[{"href":"https:\/\/www.europesays.com\/fr\/wp-json\/wp\/v2\/posts\/302415","targetHints":{"allow":["GET"]}}],"collection":[{"href":"https:\/\/www.europesays.com\/fr\/wp-json\/wp\/v2\/posts"}],"about":[{"href":"https:\/\/www.europesays.com\/fr\/wp-json\/wp\/v2\/types\/post"}],"author":[{"embeddable":true,"href":"https:\/\/www.europesays.com\/fr\/wp-json\/wp\/v2\/users\/2"}],"replies":[{"embeddable":true,"href":"https:\/\/www.europesays.com\/fr\/wp-json\/wp\/v2\/comments?post=302415"}],"version-history":[{"count":0,"href":"https:\/\/www.europesays.com\/fr\/wp-json\/wp\/v2\/posts\/302415\/revisions"}],"wp:featuredmedia":[{"embeddable":true,"href":"https:\/\/www.europesays.com\/fr\/wp-json\/wp\/v2\/media\/302416"}],"wp:attachment":[{"href":"https:\/\/www.europesays.com\/fr\/wp-json\/wp\/v2\/media?parent=302415"}],"wp:term":[{"taxonomy":"category","embeddable":true,"href":"https:\/\/www.europesays.com\/fr\/wp-json\/wp\/v2\/categories?post=302415"},{"taxonomy":"post_tag","embeddable":true,"href":"https:\/\/www.europesays.com\/fr\/wp-json\/wp\/v2\/tags?post=302415"}],"curies":[{"name":"wp","href":"https:\/\/api.w.org\/{rel}","templated":true}]}}