{"id":302417,"date":"2025-08-07T09:29:11","date_gmt":"2025-08-07T09:29:11","guid":{"rendered":"https:\/\/www.europesays.com\/fr\/302417\/"},"modified":"2025-08-07T09:29:11","modified_gmt":"2025-08-07T09:29:11","slug":"le-chikungunya-progresse-dans-cette-commune-de-lherault-lars-procede-a-une-troisieme-demoustication","status":"publish","type":"post","link":"https:\/\/www.europesays.com\/fr\/302417\/","title":{"rendered":"Le chikungunya progresse dans cette commune de l\u2019H\u00e9rault\u00a0: l\u2019ARS proc\u00e8de \u00e0 une troisi\u00e8me d\u00e9moustication"},"content":{"rendered":"<p>\n                                                                Depuis la fin juin, le chikungunya circule activement \u00e0 Castries, \u00e0 l\u2019est de Montpellier, o\u00f9 douze cas autochtones sont d\u00e9sormais confirm\u00e9s. Alors que la f\u00eate votive bat son plein, l\u2019ARS Occitanie multiplie les op\u00e9rations de d\u00e9moustication pour contenir la propagation du virus transmis par le moustique tigre.\n                            <\/p>\n<p data-pm-slice=\"1 1 []\">Depuis la <a href=\"https:\/\/www.midilibre.fr\/2025\/07\/30\/chikungunya-pres-de-montpellier-9-cas-autochtones-desormais-recenses-dans-la-seule-commune-de-castries-selon-un-dernier-bilan-12851974.php\" target=\"_blank\" rel=\"nofollow noopener\">d\u00e9tection du premier cas autochtone de chikungunya \u00e0 Castries autour du 27\u00a0juin 2025<\/a>, l\u2019ARS (Agence R\u00e9gionale de Sant\u00e9) est en\u00a0alerte. Le virus, transmis par le moustique tigre, continue de circuler localement. Apr\u00e8s neuf cas recens\u00e9s la semaine derni\u00e8re, douze sont d\u00e9sormais confirm\u00e9s, avec deux cas suppl\u00e9mentaires apparus alors que la commune c\u00e9l\u00e9brait ses f\u00eates votives.<\/p>\n<p>D\u00e9moustication autour de la maison de retraite<\/p>\n<p>Face \u00e0 cette recrudescence, une troisi\u00e8me op\u00e9ration de d\u00e9moustication a \u00e9t\u00e9 men\u00e9e mercredi 6\u00a0ao\u00fbt \u00e0 5\u00a0heures du matin, dans le secteur de la maison de retraite. Comme pour les pr\u00e9c\u00e9dentes interventions, r\u00e9alis\u00e9es les 23 et 24\u00a0juillet, c\u2019est la soci\u00e9t\u00e9 Altopictus qui a \u00e9t\u00e9 charg\u00e9e du traitement. L\u2019objectif\u00a0: pulv\u00e9riser un insecticide cibl\u00e9 pour \u00e9liminer les moustiques adultes et freiner leur reproduction.<\/p>\n<p><a href=\"https:\/\/www.midilibre.fr\/2025\/08\/01\/il-y-a-beaucoup-de-moustiques-on-se-fait-piquer-toute-la-journee-avec-9-cas-de-chikungunya-lars-fait-de-castries-sa-ville-pilote-12852345.php\" target=\"_blank\" rel=\"nofollow noopener\">L\u2019ARS Occitanie, qui coordonne la gestion du foyer, suit de pr\u00e8s l\u2019\u00e9volution des cas et l\u2019efficacit\u00e9 des traitements<\/a>. Pour rappel, Castries a \u00e9t\u00e9 d\u00e9sign\u00e9e ville pilote dans le cadre d\u2019un protocole exp\u00e9rimental, visant \u00e0 mieux comprendre la circulation du virus et du moustique vecteur. D\u2019autres interventions pourraient suivre si la situation l\u2019exige.<\/p>\n","protected":false},"excerpt":{"rendered":"Depuis la fin juin, le chikungunya circule activement \u00e0 Castries, \u00e0 l\u2019est de Montpellier, o\u00f9 douze cas autochtones&hellip;\n","protected":false},"author":2,"featured_media":302418,"comment_status":"","ping_status":"","sticky":false,"template":"","format":"standard","meta":{"footnotes":""},"categories":[10],"tags":[1011,27,72,71],"class_list":{"0":"post-302417","1":"post","2":"type-post","3":"status-publish","4":"format-standard","5":"has-post-thumbnail","7":"category-sante","8":"tag-fr","9":"tag-france","10":"tag-health","11":"tag-sante"},"share_on_mastodon":{"url":"https:\/\/pubeurope.com\/@fr\/114986782798948302","error":""},"_links":{"self":[{"href":"https:\/\/www.europesays.com\/fr\/wp-json\/wp\/v2\/posts\/302417","targetHints":{"allow":["GET"]}}],"collection":[{"href":"https:\/\/www.europesays.com\/fr\/wp-json\/wp\/v2\/posts"}],"about":[{"href":"https:\/\/www.europesays.com\/fr\/wp-json\/wp\/v2\/types\/post"}],"author":[{"embeddable":true,"href":"https:\/\/www.europesays.com\/fr\/wp-json\/wp\/v2\/users\/2"}],"replies":[{"embeddable":true,"href":"https:\/\/www.europesays.com\/fr\/wp-json\/wp\/v2\/comments?post=302417"}],"version-history":[{"count":0,"href":"https:\/\/www.europesays.com\/fr\/wp-json\/wp\/v2\/posts\/302417\/revisions"}],"wp:featuredmedia":[{"embeddable":true,"href":"https:\/\/www.europesays.com\/fr\/wp-json\/wp\/v2\/media\/302418"}],"wp:attachment":[{"href":"https:\/\/www.europesays.com\/fr\/wp-json\/wp\/v2\/media?parent=302417"}],"wp:term":[{"taxonomy":"category","embeddable":true,"href":"https:\/\/www.europesays.com\/fr\/wp-json\/wp\/v2\/categories?post=302417"},{"taxonomy":"post_tag","embeddable":true,"href":"https:\/\/www.europesays.com\/fr\/wp-json\/wp\/v2\/tags?post=302417"}],"curies":[{"name":"wp","href":"https:\/\/api.w.org\/{rel}","templated":true}]}}