{"id":30242,"date":"2025-04-16T23:32:15","date_gmt":"2025-04-16T23:32:15","guid":{"rendered":"https:\/\/www.europesays.com\/fr\/30242\/"},"modified":"2025-04-16T23:32:15","modified_gmt":"2025-04-16T23:32:15","slug":"pres-de-rouen-la-solidarite-sorganise-apres-lincendie-qui-a-ravage-la-maison-dune-famille","status":"publish","type":"post","link":"https:\/\/www.europesays.com\/fr\/30242\/","title":{"rendered":"Pr\u00e8s de Rouen, la solidarit\u00e9 s&rsquo;organise apr\u00e8s l&rsquo;incendie qui a ravag\u00e9 la maison d&rsquo;une famille"},"content":{"rendered":"<p>            Par<br \/>\n        <strong><br \/>\n            <a href=\"https:\/\/actu.fr\/auteur\/isabellevilly\" title=\"Consulter tous les articles de Isabelle Villy\" target=\"_blank\" rel=\"noopener\">Isabelle Villy<\/a><br \/>\n        <\/strong><\/p>\n<p>        Publi\u00e9 le<\/p>\n<p>            16 avr. 2025 \u00e0 16h49        <\/p>\n<p>Ils ont<strong> tout perdu<\/strong> dans l\u2019incendie. Mercredi 9\u00a0avril dernier, dans la soir\u00e9e, <a href=\"https:\/\/actu.fr\/normandie\/saint-georges-sur-fontaine_76580\/seine-maritime-une-chaumiere-isolee-entierement-ravagee-par-les-flammes_62490526.html\" target=\"_blank\" rel=\"noopener\">un feu s\u2019est d\u00e9clar\u00e9<\/a> dans la toiture d\u2019une chaumi\u00e8re, \u00e0 <a href=\"https:\/\/actu.fr\/normandie\/saint-georges-sur-fontaine_76580\" target=\"_blank\" rel=\"noopener\">Saint-Georges-sur-Fontaine (Seine-Maritime)<\/a> et s\u2019est propag\u00e9 \u00e0 l\u2019ensemble de l\u2019habitation. <strong>Les cinq habitants<\/strong> de la maison, deux adultes et leurs trois enfants \u00e2g\u00e9s de 3, 7 et 10\u00a0ans, sont heureusement sortis indemnes de la maison, avant l\u2019arriv\u00e9e des secours.<\/p>\n<p>Un \u00e9lan de solidarit\u00e9<\/p>\n<p class=\" wall-content\">Huit engins et vingt-deux sapeurs-pompiers ont \u00e9t\u00e9 mobilis\u00e9s pour <strong>ma\u00eetriser le sinistre<\/strong>, mais la maison a \u00e9t\u00e9 totalement d\u00e9truite dans l\u2019incendie. Aussit\u00f4t, <strong>un \u00e9lan de solidarit\u00e9<\/strong> s\u2019est cr\u00e9\u00e9 pour venir en aide \u00e0 la famille sinistr\u00e9e\u2009: le maire, <strong>Ga\u00ebl Fouldrin<\/strong>, a lanc\u00e9 un message, relay\u00e9 par le comit\u00e9 des f\u00eates sur les r\u00e9seaux sociaux, pour sollicite<strong>r des dons de v\u00eatements et de chaussures<\/strong>.<\/p>\n<p class=\" wall-content\">Un appel qui a \u00e9t\u00e9<strong> largement entendu<\/strong>\u2009: les dons ont en effet afflu\u00e9 \u00e0 la salle des f\u00eates du village, que ce soit des v\u00eatements, des chaussures, ou encore des <strong>jouets<\/strong>. \u00ab\u2009La famille nous a indiqu\u00e9 qu\u2019elle \u00e9tait tr\u00e8s profond\u00e9ment touch\u00e9e par ce soutien\u2009\u00bb, pr\u00e9cise le comit\u00e9 des f\u00eates sur sa page Facebook. Une <strong>cagnotte en ligne<\/strong> a par ailleurs \u00e9t\u00e9 lanc\u00e9e pour les personnes qui souhaiteraient aider la famille <a href=\"https:\/\/www.onparticipe.fr\/c\/Q5PHKo1y\" target=\"_blank\" rel=\"noopener\">\u00e0 faire face \u00e0 l\u2019urgence<\/a>.<\/p>\n<p>      <img   decoding=\"async\" loading=\"lazy\" src=\"https:\/\/www.europesays.com\/fr\/wp-content\/uploads\/2025\/04\/981720728bf76bc1720728bf790272v-960x640.jpg\" alt=\"Une famille a tout perdu dans l'incendie de sa maison, \u00e0 Saint-Georges-sur-Fontaine, mercredi 9 avril.\u00a0\" width=\"960\" height=\"640\"\/><br \/>\n    Une famille a tout perdu dans l\u2019incendie de sa maison, \u00e0 Saint-Georges-sur-Fontaine, mercredi 9 avril.\u00a0 (\u00a9Le Bulletin)Suivez l\u2019actualit\u00e9 de Rouen <a href=\"https:\/\/www.whatsapp.com\/channel\/0029VaKfnf99hXF2ddApFB1D\" target=\"_blank\" rel=\"noopener\">sur notre cha\u00eene WhatsApp<\/a> et <a href=\"https:\/\/www.tiktok.com\/@76actu.fr?lang=fr\" target=\"_blank\" rel=\"noopener\">sur notre compte TikTok<\/a>Vid\u00e9os : en ce moment sur Actu<\/p>\n<p class=\" wall-content\">Suivez toute l\u2019actualit\u00e9 de vos villes et m\u00e9dias favoris en vous inscrivant \u00e0 <a href=\"https:\/\/moncompte.actu.fr\" title=\"D\u00e9couvez Mon Actu\" rel=\"nofollow noopener\" data-trk=\"{&quot;cta&quot;:{&quot;action&quot;:&quot;https:\\\/\\\/moncompte.actu.fr&quot;,&quot;category&quot;:&quot;mon compte&quot;,&quot;from&quot;:&quot;article footer&quot;,&quot;name&quot;:&quot;Mon actu&quot;,&quot;type&quot;:&quot;cta&quot;}}\" target=\"_blank\">Mon Actu<\/a>.<\/p>\n<p>                    <script async src=\"\/\/www.tiktok.com\/embed.js\"><\/script><\/p>\n","protected":false},"excerpt":{"rendered":"Par Isabelle Villy Publi\u00e9 le 16 avr. 2025 \u00e0 16h49 Ils ont tout perdu dans l\u2019incendie. Mercredi 9\u00a0avril&hellip;\n","protected":false},"author":2,"featured_media":30243,"comment_status":"","ping_status":"","sticky":false,"template":"","format":"standard","meta":{"footnotes":""},"categories":[9587],"tags":[1111,11,1777,674,118,1011,27,1310,12,5161,25,9590,3400],"class_list":{"0":"post-30242","1":"post","2":"type-post","3":"status-publish","4":"format-standard","5":"has-post-thumbnail","7":"category-rouen","8":"tag-actu","9":"tag-actualites","10":"tag-eu","11":"tag-europe","12":"tag-faits-divers","13":"tag-fr","14":"tag-france","15":"tag-incendie","16":"tag-news","17":"tag-normandie","18":"tag-republique-francaise","19":"tag-rouen","20":"tag-solidarite"},"share_on_mastodon":{"url":"https:\/\/pubeurope.com\/@fr\/114350256526378516","error":""},"_links":{"self":[{"href":"https:\/\/www.europesays.com\/fr\/wp-json\/wp\/v2\/posts\/30242","targetHints":{"allow":["GET"]}}],"collection":[{"href":"https:\/\/www.europesays.com\/fr\/wp-json\/wp\/v2\/posts"}],"about":[{"href":"https:\/\/www.europesays.com\/fr\/wp-json\/wp\/v2\/types\/post"}],"author":[{"embeddable":true,"href":"https:\/\/www.europesays.com\/fr\/wp-json\/wp\/v2\/users\/2"}],"replies":[{"embeddable":true,"href":"https:\/\/www.europesays.com\/fr\/wp-json\/wp\/v2\/comments?post=30242"}],"version-history":[{"count":0,"href":"https:\/\/www.europesays.com\/fr\/wp-json\/wp\/v2\/posts\/30242\/revisions"}],"wp:featuredmedia":[{"embeddable":true,"href":"https:\/\/www.europesays.com\/fr\/wp-json\/wp\/v2\/media\/30243"}],"wp:attachment":[{"href":"https:\/\/www.europesays.com\/fr\/wp-json\/wp\/v2\/media?parent=30242"}],"wp:term":[{"taxonomy":"category","embeddable":true,"href":"https:\/\/www.europesays.com\/fr\/wp-json\/wp\/v2\/categories?post=30242"},{"taxonomy":"post_tag","embeddable":true,"href":"https:\/\/www.europesays.com\/fr\/wp-json\/wp\/v2\/tags?post=30242"}],"curies":[{"name":"wp","href":"https:\/\/api.w.org\/{rel}","templated":true}]}}