{"id":302429,"date":"2025-08-07T09:35:10","date_gmt":"2025-08-07T09:35:10","guid":{"rendered":"https:\/\/www.europesays.com\/fr\/302429\/"},"modified":"2025-08-07T09:35:10","modified_gmt":"2025-08-07T09:35:10","slug":"lavenir-de-la-loi-duplomb-suspendu-au-verdict-du-conseil-constitutionnel","status":"publish","type":"post","link":"https:\/\/www.europesays.com\/fr\/302429\/","title":{"rendered":"L\u2019avenir de la loi Duplomb suspendu au verdict du Conseil constitutionnel"},"content":{"rendered":"<p>Alors que plus de deux millions de personnes ont sign\u00e9 cet \u00e9t\u00e9 une p\u00e9tition contre cette loi agricole controvers\u00e9e, les Sages doivent d\u00e9terminer ce jeudi si elle est conforme, ou non, \u00e0 la Constitution.<\/p>\n<p class=\"fig-paragraph\">Comme une heure de v\u00e9rit\u00e9. Le Conseil constitutionnel doit trancher ce jeudi si\u00a0<a href=\"http:\/\/www.lefigaro.fr\/actualite-france\/la-loi-duplomb-ne-passe-pas-scientifiques-et-associations-de-patients-interpellent-le-conseil-constitutionnel-20250729\" data-fig-type=\"NewsFlash\" data-gtm-custom-categorie=\"navigation\" data-gtm-custom-action=\"crossclick\" data-gtm-custom-label=\"Contextuel\" data-gtm-event=\"customEventSPE\" data-fig-domain=\"LEFIGARO\" rel=\"nofollow noopener\" target=\"_blank\">la fameuse loi dite Duplomb<\/a>\u00a0se r\u00e9v\u00e8le bien conforme, ou non, \u00e0 la Constitution, et peut donc \u00eatre promulgu\u00e9e dans la foul\u00e9e par Emmanuel Macron. Les Sages de la rue de Montpensier savent leur d\u00e9cision tr\u00e8s attendue compte tenu du succ\u00e8s de la p\u00e9tition d\u2019initiative citoyenne contre ce texte agricole. Avec plus de\u00a0<a href=\"http:\/\/www.lefigaro.fr\/politique\/loi-duplomb-la-petition-contre-le-texte-franchit-la-barre-des-deux-millions-de-signatures-20250728\" data-fig-type=\"NewsFlash\" data-gtm-custom-categorie=\"navigation\" data-gtm-custom-action=\"crossclick\" data-gtm-custom-label=\"Contextuel\" data-gtm-event=\"customEventSPE\" data-fig-domain=\"LEFIGARO\" rel=\"nofollow noopener\" target=\"_blank\">deux millions de signatures au mois de juillet<\/a>, un record a \u00e9t\u00e9 battu, m\u00eame si le rythme a nettement ralenti depuis d\u00e9but ao\u00fbt. Mis en cause notamment\u00a0: la r\u00e9introduction sous conditions d\u2019un pesticide, l\u2019ac\u00e9tamipride, interdit en France depuis 2018. \u00c0 l\u2019\u00e9poque, le produit avait \u00e9t\u00e9 jug\u00e9 nocif pour l\u2019environnement et particuli\u00e8rement pour les abeilles.<\/p>\n<p class=\"fig-body-link\">\n            \u00c0 lire aussi<br \/>\n        <a class=\"fig-body-link__link fig-premium-mark\" href=\"http:\/\/www.lefigaro.fr\/secteur\/high-tech\/comment-les-reseaux-sociaux-ont-permis-l-emergence-de-la-petition-contre-la-loi-duplomb-20250724\" data-fig-type=\"Article\" data-gtm-custom-categorie=\"navigation\" data-gtm-custom-action=\"crossclick\" data-gtm-custom-label=\"Contextuel\" data-gtm-event=\"customEventSPE\" data-fig-domain=\"LEFIGARO\" rel=\"nofollow noopener\" target=\"_blank\">Comment les r\u00e9seaux sociaux ont permis l\u2019\u00e9mergence de la p\u00e9tition contre la loi Duplomb<br \/>\n    <\/a>\n<\/p>\n<p class=\"fig-paragraph\">La contestation a depuis \u00e9t\u00e9 largement relay\u00e9e dans toutes les sph\u00e8res de la gauche &#8211; politiques, associatives, syndicales &#8211; et nombreux affirment avoir de bonnes raisons d\u2019esp\u00e9rer une censure du Conseil constitutionnel. Il faut dire que cette d\u00e9cision\u2026<\/p>\n<p class=\"fig-premium-paywall__infos\">\n        Cet article est r\u00e9serv\u00e9 aux abonn\u00e9s.        Il vous reste 78% \u00e0 d\u00e9couvrir.\n    <\/p>\n<p>                <img  data- alt=\"Le Figaro\" class=\"fig-img--complete fig-img\"\/><\/p>\n<p class=\"fig-premium-paywall__title\">Vous avez envie de lire la suite ?<\/p>\n<p class=\"fig-premium-paywall__subtitle\">D\u00e9bloquez tous les articles imm\u00e9diatement.<\/p>\n<p class=\"fig-premium-paywall__connect\">\n                D\u00e9j\u00e0 abonn\u00e9\u00a0?                <a class=\"fig-premium-paywall__connect-link\" href=\"https:\/\/connect.lefigaro.fr\/login?client=horizon_web&amp;type=main&amp;redirect_uri=https%3A%2F%2Fwww.lefigaro.fr%2Fpolitique%2Fl-avenir-de-la-loi-duplomb-suspendu-au-verdict-du-conseil-constitutionnel-20250807\" data-js-gtm=\"{&quot;customCategorie&quot;: &quot;conversion&quot;, &quot;customAction&quot;: &quot;before_Landing_Connexion_paywall_auto&quot;, &quot;customLabel&quot;: &quot;bGVmaWdhcm8uZnJfXzFmMDcyYWEyLWQxODMtNjIwNi04N2Y3LWFiZWI4Y2ZjZWJiY19fQXJ0aWNsZQ==_L\u2019avenir de la loi Duplomb suspendu au verdict du Conseil constitutionnel_247&quot;, &quot;customIDSPE&quot;: &quot;bGVmaWdhcm8uZnJfXzFmMDcyYWEyLWQxODMtNjIwNi04N2Y3LWFiZWI4Y2ZjZWJiY19fQXJ0aWNsZQ==&quot;, &quot;event&quot;: &quot;customEventSPE&quot;}\" rel=\"nofollow noopener\" target=\"_blank\"><br \/>\n                    Connectez-vous<br \/>\n                <\/a>\n            <\/p>\n","protected":false},"excerpt":{"rendered":"Alors que plus de deux millions de personnes ont sign\u00e9 cet \u00e9t\u00e9 une p\u00e9tition contre cette loi agricole&hellip;\n","protected":false},"author":2,"featured_media":302430,"comment_status":"","ping_status":"","sticky":false,"template":"","format":"standard","meta":{"footnotes":""},"categories":[4],"tags":[11,39211,1011,27,12,2844,25],"class_list":{"0":"post-302429","1":"post","2":"type-post","3":"status-publish","4":"format-standard","5":"has-post-thumbnail","7":"category-france","8":"tag-actualites","9":"tag-conseil-constitutionnel","10":"tag-fr","11":"tag-france","12":"tag-news","13":"tag-petition","14":"tag-republique-francaise"},"share_on_mastodon":{"url":"https:\/\/pubeurope.com\/@fr\/114986806346282702","error":""},"_links":{"self":[{"href":"https:\/\/www.europesays.com\/fr\/wp-json\/wp\/v2\/posts\/302429","targetHints":{"allow":["GET"]}}],"collection":[{"href":"https:\/\/www.europesays.com\/fr\/wp-json\/wp\/v2\/posts"}],"about":[{"href":"https:\/\/www.europesays.com\/fr\/wp-json\/wp\/v2\/types\/post"}],"author":[{"embeddable":true,"href":"https:\/\/www.europesays.com\/fr\/wp-json\/wp\/v2\/users\/2"}],"replies":[{"embeddable":true,"href":"https:\/\/www.europesays.com\/fr\/wp-json\/wp\/v2\/comments?post=302429"}],"version-history":[{"count":0,"href":"https:\/\/www.europesays.com\/fr\/wp-json\/wp\/v2\/posts\/302429\/revisions"}],"wp:featuredmedia":[{"embeddable":true,"href":"https:\/\/www.europesays.com\/fr\/wp-json\/wp\/v2\/media\/302430"}],"wp:attachment":[{"href":"https:\/\/www.europesays.com\/fr\/wp-json\/wp\/v2\/media?parent=302429"}],"wp:term":[{"taxonomy":"category","embeddable":true,"href":"https:\/\/www.europesays.com\/fr\/wp-json\/wp\/v2\/categories?post=302429"},{"taxonomy":"post_tag","embeddable":true,"href":"https:\/\/www.europesays.com\/fr\/wp-json\/wp\/v2\/tags?post=302429"}],"curies":[{"name":"wp","href":"https:\/\/api.w.org\/{rel}","templated":true}]}}