{"id":302431,"date":"2025-08-07T09:36:13","date_gmt":"2025-08-07T09:36:13","guid":{"rendered":"https:\/\/www.europesays.com\/fr\/302431\/"},"modified":"2025-08-07T09:36:13","modified_gmt":"2025-08-07T09:36:13","slug":"aude-images-apocalyptiques-du-plus-grand-incendie-en-france-depuis-des-decennies","status":"publish","type":"post","link":"https:\/\/www.europesays.com\/fr\/302431\/","title":{"rendered":"Aude : images apocalyptiques du \u00ab\u00a0plus grand incendie\u00a0\u00bb en France depuis des d\u00e9cennies"},"content":{"rendered":"<p>\n  Par&amp;nbsp<b>Serge Duch\u00eane<\/b>&amp;nbspavec&amp;nbsp<b>AP<\/b>\n<\/p>\n<p>\n                    Publi\u00e9 le                 07\/08\/2025 &#8211; 8:28 UTC+2<br \/>\n                \u2022Mis \u00e0 jour<br \/>\n                                     9:37\n                                        <\/p>\n<p>          <img decoding=\"async\" class=\"c-ad__placeholder__logo\" src=\"https:\/\/static.euronews.com\/website\/images\/logos\/logo-euronews-stacked-outlined-72x72-grey-9.svg\" width=\"72\" height=\"72\" alt=\"\" loading=\"lazy\"\/><br \/>\n          PUBLICIT\u00c9<\/p>\n<p>Au moins 16 000 hectares de v\u00e9g\u00e9tation et de pin\u00e8de sont partis en fum\u00e9e,\u00a0\u00ab\u00a0plus que la commune de Paris\u00a0\u00bb, selon le colonel Christophe Magny, patron des pompiers du d\u00e9partement.\u00a0\u00ab\u00a0La nuit a \u00e9t\u00e9 plus fra\u00eeche, le feu progresse moins vite, mais cela reste l&rsquo;incendie le plus important qu&rsquo;a connu la France depuis 1949\u00a0\u00bb, a affirm\u00e9 jeudi sur franceinfo la ministre de la Transition \u00e9cologique, Agn\u00e8s Pannier-Runacher.<\/p>\n<p>Selon la <a href=\"https:\/\/bdiff.agriculture.gouv.fr\/\" target=\"_blank\" rel=\"noreferrer nofollow noopener\">base de donn\u00e9es sur les incendies de for\u00eat en France<\/a> (BDIFF), il s&rsquo;agirait d&rsquo;un incendie les plus gros feux survenus en France depuis une vingtaine d&rsquo;ann\u00e9es. Cette base de donn\u00e9es est mise \u00e0 disposition par les services de l&rsquo;Etat. Elle recense tous les incendies survenus en France <strong>depuis 2006, et ceux du pourtour m\u00e9diterran\u00e9en depuis 1973.<\/strong>\u00a0<\/p>\n<p>La\u00a0tramontane, un vent sec et chaud qui renforce le feu, a \u00e9t\u00e9 supplant\u00e9 par un vent marin qui soufflera encore jeudi, et \u00ab\u00a0va apporter de l&rsquo;air plus humide qu&rsquo;avant, ce qui est moins favorable \u00e0 la propagation du feu\u00a0\u00bb, a d\u00e9clar\u00e9 \u00e0 l&rsquo;AFP mercredi Fran\u00e7ois Gourand, pr\u00e9visionniste de M\u00e9t\u00e9o-France.\u00a0<\/p>\n<p>Un mort est \u00e0 d\u00e9plorer, une femme de 65 ans qui a refus\u00e9 de quitter sa maison \u00e0 Saint-Laurent-de-la-Cabrerisse. La pr\u00e9fecture a \u00e9galement d\u00e9compt\u00e9 13 bless\u00e9s : deux habitants hospitalis\u00e9s, dont un gri\u00e8vement br\u00fbl\u00e9, et onze sapeurs-pompiers, dont un souffrant d&rsquo;un traumatisme cr\u00e2nien, selon le ministre de l&rsquo;Int\u00e9rieur Bruno Retailleau, qui s&rsquo;est rendu sur place. Trois personnes \u00e9taient port\u00e9es disparues, a indiqu\u00e9 la pr\u00e9fecture.<\/p>\n<p>Plus de 2 100 pompiers et plusieurs avions bombardiers d&rsquo;eau ont lutt\u00e9 contre l&rsquo;incendie qui s&rsquo;est d\u00e9clar\u00e9 mardi apr\u00e8s-midi dans le village de Ribaute, dans le d\u00e9partement de l&rsquo;Aude, une r\u00e9gion rurale et bois\u00e9e qui abrite des vignobles.<\/p>\n<p>Fran\u00e7ois Bayrou a parl\u00e9 d&rsquo;une \u00ab\u00a0catastrophe d&rsquo;une ampleur in\u00e9dite\u00a0\u00bb.\u00a0Le Premier ministre fran\u00e7ais a rencontr\u00e9 mercredi apr\u00e8s-midi les pompiers et les habitants de Saint-Laurent-de-la-Cabrerisse, o\u00f9 le poste de commandement des pompiers a \u00e9t\u00e9 install\u00e9. Il a d\u00e9clar\u00e9 \u00eatre venu exprimer \u00ab la solidarit\u00e9 nationale \u00bb.<\/p>\n<p>L&rsquo;\u00e9conomie de la r\u00e9gion repose sur la viticulture et le tourisme, et \u00ab ces deux secteurs sont touch\u00e9s \u00bb, a-t-il soulign\u00e9.<\/p>\n<p>M. Bayrou a d\u00e9clar\u00e9 qu&rsquo;une enqu\u00eate \u00e9tait en cours pour d\u00e9terminer la cause de l&rsquo;incendie.<\/p>\n<p>Le minist\u00e8re de l&rsquo;Environnement a indiqu\u00e9 que la r\u00e9gion de l&rsquo;Aude connaissait une s\u00e9cheresse ce mois-ci, avec des restrictions d&rsquo;utilisation de l&rsquo;eau en vigueur. Le manque de pr\u00e9cipitations ces derniers mois \u00ab a jou\u00e9 un r\u00f4le majeur dans la propagation de l&rsquo;incendie, car la v\u00e9g\u00e9tation est tr\u00e8s s\u00e8che \u00bb, a d\u00e9clar\u00e9 le minist\u00e8re dans un communiqu\u00e9.<\/p>\n<p>Sources additionnelles<strong> \u2022 franceinfo<\/strong><\/p>\n","protected":false},"excerpt":{"rendered":"Par&amp;nbspSerge Duch\u00eane&amp;nbspavec&amp;nbspAP Publi\u00e9 le 07\/08\/2025 &#8211; 8:28 UTC+2 \u2022Mis \u00e0 jour 9:37 PUBLICIT\u00c9 Au moins 16 000 hectares&hellip;\n","protected":false},"author":2,"featured_media":302432,"comment_status":"","ping_status":"","sticky":false,"template":"","format":"standard","meta":{"footnotes":""},"categories":[2],"tags":[11,27571,1011,27,1310,12,1311],"class_list":{"0":"post-302431","1":"post","2":"type-post","3":"status-publish","4":"format-standard","5":"has-post-thumbnail","7":"category-actualites","8":"tag-actualites","9":"tag-feux-de-foret","10":"tag-fr","11":"tag-france","12":"tag-incendie","13":"tag-news","14":"tag-pompiers"},"share_on_mastodon":{"url":"https:\/\/pubeurope.com\/@fr\/114986810321280636","error":""},"_links":{"self":[{"href":"https:\/\/www.europesays.com\/fr\/wp-json\/wp\/v2\/posts\/302431","targetHints":{"allow":["GET"]}}],"collection":[{"href":"https:\/\/www.europesays.com\/fr\/wp-json\/wp\/v2\/posts"}],"about":[{"href":"https:\/\/www.europesays.com\/fr\/wp-json\/wp\/v2\/types\/post"}],"author":[{"embeddable":true,"href":"https:\/\/www.europesays.com\/fr\/wp-json\/wp\/v2\/users\/2"}],"replies":[{"embeddable":true,"href":"https:\/\/www.europesays.com\/fr\/wp-json\/wp\/v2\/comments?post=302431"}],"version-history":[{"count":0,"href":"https:\/\/www.europesays.com\/fr\/wp-json\/wp\/v2\/posts\/302431\/revisions"}],"wp:featuredmedia":[{"embeddable":true,"href":"https:\/\/www.europesays.com\/fr\/wp-json\/wp\/v2\/media\/302432"}],"wp:attachment":[{"href":"https:\/\/www.europesays.com\/fr\/wp-json\/wp\/v2\/media?parent=302431"}],"wp:term":[{"taxonomy":"category","embeddable":true,"href":"https:\/\/www.europesays.com\/fr\/wp-json\/wp\/v2\/categories?post=302431"},{"taxonomy":"post_tag","embeddable":true,"href":"https:\/\/www.europesays.com\/fr\/wp-json\/wp\/v2\/tags?post=302431"}],"curies":[{"name":"wp","href":"https:\/\/api.w.org\/{rel}","templated":true}]}}