{"id":302433,"date":"2025-08-07T09:37:09","date_gmt":"2025-08-07T09:37:09","guid":{"rendered":"https:\/\/www.europesays.com\/fr\/302433\/"},"modified":"2025-08-07T09:37:09","modified_gmt":"2025-08-07T09:37:09","slug":"loire-rhone-un-routier-interpelle-avec-huit-motos-volees-dans-son-camion","status":"publish","type":"post","link":"https:\/\/www.europesays.com\/fr\/302433\/","title":{"rendered":"Loire\/Rh\u00f4ne : un routier interpell\u00e9 avec huit motos vol\u00e9es dans son camion"},"content":{"rendered":"<p>Un chauffeur de poids lourd a \u00e9t\u00e9 interpell\u00e9 lundi \u00e0 Saint-\u00c9tienne. Dans son camion : huit motos vol\u00e9es, dont sept dans le Rh\u00f4ne.<\/p>\n<p>Il circulait avec <b>huit motos vol\u00e9es<\/b> dans son chargement : un chauffeur de poids lourd a \u00e9t\u00e9 interpell\u00e9 lundi \u00e0 <b>Saint-\u00c9tienne<\/b>.\u00a0<\/p>\n<p>Il a \u00e9t\u00e9 arr\u00eat\u00e9 par les policiers de <b>Vienne et Lyon<\/b>, apr\u00e8s une filature.\u00a0<\/p>\n<p>Selon <a class=\"url\" href=\"https:\/\/c.leprogres.fr\/faits-divers-justice\/2025\/08\/07\/interpelle-avec-huit-motos-volees-dans-son-camion\" target=\"_blank\" rel=\"noopener\">Le Progr\u00e8s<\/a>, tout est parti du signalement d&rsquo;une moto vol\u00e9e \u00e0 <b>Pont-\u00c9v\u00eaque<\/b>, en Is\u00e8re.\u00a0<\/p>\n<p>La plupart des motos vol\u00e9es dans le Rh\u00f4ne<\/p>\n<p>Mais en inspectant le camion, les agents sont finalement tomb\u00e9s sur <b>sept autres motos, la plupart d\u00e9rob\u00e9es dans le Rh\u00f4ne entre mai et juillet.\u00a0<\/b><\/p>\n<p>Le conducteur, originaire du secteur de Pont-\u00c9v\u00eaque, assure ne pas savoir d&rsquo;o\u00f9 provenaient les deux-roues.\u00a0\u00a0<\/p>\n<p>Il sera convoqu\u00e9 au mois de janvier prochain devant la justice pour <b>recel de vol<\/b>.<\/p>\n<p><\/p>\n","protected":false},"excerpt":{"rendered":"Un chauffeur de poids lourd a \u00e9t\u00e9 interpell\u00e9 lundi \u00e0 Saint-\u00c9tienne. Dans son camion : huit motos vol\u00e9es,&hellip;\n","protected":false},"author":2,"featured_media":302434,"comment_status":"","ping_status":"","sticky":false,"template":"","format":"standard","meta":{"footnotes":""},"categories":[9653],"tags":[1111,11,2430,660,1777,674,1011,27,15583,3367,2428,12,10635,1072,25823,25,9844,4001,1584,44264],"class_list":{"0":"post-302433","1":"post","2":"type-post","3":"status-publish","4":"format-standard","5":"has-post-thumbnail","7":"category-saint-etienne","8":"tag-actu","9":"tag-actualites","10":"tag-auvergne-rhone-alpes","11":"tag-camion","12":"tag-eu","13":"tag-europe","14":"tag-fr","15":"tag-france","16":"tag-isre","17":"tag-loire","18":"tag-lyon","19":"tag-news","20":"tag-poids-lourd","21":"tag-police","22":"tag-pont-eveque","23":"tag-republique-francaise","24":"tag-rhne","25":"tag-saint-etienne","26":"tag-vienne","27":"tag-vol-moto"},"share_on_mastodon":{"url":"https:\/\/pubeurope.com\/@fr\/114986814251447648","error":""},"_links":{"self":[{"href":"https:\/\/www.europesays.com\/fr\/wp-json\/wp\/v2\/posts\/302433","targetHints":{"allow":["GET"]}}],"collection":[{"href":"https:\/\/www.europesays.com\/fr\/wp-json\/wp\/v2\/posts"}],"about":[{"href":"https:\/\/www.europesays.com\/fr\/wp-json\/wp\/v2\/types\/post"}],"author":[{"embeddable":true,"href":"https:\/\/www.europesays.com\/fr\/wp-json\/wp\/v2\/users\/2"}],"replies":[{"embeddable":true,"href":"https:\/\/www.europesays.com\/fr\/wp-json\/wp\/v2\/comments?post=302433"}],"version-history":[{"count":0,"href":"https:\/\/www.europesays.com\/fr\/wp-json\/wp\/v2\/posts\/302433\/revisions"}],"wp:featuredmedia":[{"embeddable":true,"href":"https:\/\/www.europesays.com\/fr\/wp-json\/wp\/v2\/media\/302434"}],"wp:attachment":[{"href":"https:\/\/www.europesays.com\/fr\/wp-json\/wp\/v2\/media?parent=302433"}],"wp:term":[{"taxonomy":"category","embeddable":true,"href":"https:\/\/www.europesays.com\/fr\/wp-json\/wp\/v2\/categories?post=302433"},{"taxonomy":"post_tag","embeddable":true,"href":"https:\/\/www.europesays.com\/fr\/wp-json\/wp\/v2\/tags?post=302433"}],"curies":[{"name":"wp","href":"https:\/\/api.w.org\/{rel}","templated":true}]}}