{"id":302441,"date":"2025-08-07T09:41:09","date_gmt":"2025-08-07T09:41:09","guid":{"rendered":"https:\/\/www.europesays.com\/fr\/302441\/"},"modified":"2025-08-07T09:41:09","modified_gmt":"2025-08-07T09:41:09","slug":"une-derniere-soiree-pour-profiter-des-escales-toulonnaises","status":"publish","type":"post","link":"https:\/\/www.europesays.com\/fr\/302441\/","title":{"rendered":"une derni\u00e8re soir\u00e9e pour profiter des Escales toulonnaises"},"content":{"rendered":"<p>            Par<br \/>\n        <strong><br \/>\n            <a href=\"https:\/\/actu.fr\/auteur\/guillemette-herve\" title=\"Consulter tous les articles de Agence de presse APEI\" rel=\"nofollow noopener\" target=\"_blank\">Agence de presse APEI<\/a><br \/>\n        <\/strong><\/p>\n<p>        Publi\u00e9 le<\/p>\n<p>            7 ao\u00fbt 2025 \u00e0 11h07        <\/p>\n<p>Elles ont anim\u00e9 le port de <a href=\"https:\/\/actu.fr\/provence-alpes-cote-d-azur\/toulon_83137\/var-profitez-des-derniers-concerts-du-festival-jazz-a-toulon_62996926.html\" rel=\"nofollow noopener\" target=\"_blank\">Toulon<\/a> tout l\u2019\u00e9t\u00e9, chaque vendredi : les Escales toulonnaises reviennent une derni\u00e8re fois ce vendredi 8 ao\u00fbt 2025, de 19h \u00e0 minuit. Ne manquez pas <strong>ce dernier rendez-vous<\/strong> qui promet de nouvelles d\u00e9couvertes artistiques et musicales.<\/p>\n<p>Fanfares et DJ<\/p>\n<p class=\" wall-content\">Au programme : march\u00e9 de cr\u00e9ateurs, espace vintage, espace d\u00e9di\u00e9 \u00e0 la street culture et aux arts urbains\u2026 Des graffeurs composeront notamment des cr\u00e9ations en direct pendant que <strong>des danseurs de breakdance<\/strong> et des artistes de rue ex\u00e9cuteront des performances.<\/p>\n<p>    <a href=\"https:\/\/www.facebook.com\/plugins\/video.php?height=314&amp;href=https%3A%2F%2Fwww.facebook.com%2Fvilledetoulon%2Fvideos%2F602467609381788%2F&amp;show_text=false&amp;width=350&amp;t=0\" title=\"Ouvrie le lien\" rel=\"nofollow noopener\" target=\"_blank\">Cliquez ici pour visualiser le contenu<\/a><\/p>\n<p class=\" wall-content\">C\u00f4t\u00e9 <a href=\"https:\/\/actu.fr\/tag\/musique\" rel=\"nofollow noopener\" target=\"_blank\">musique<\/a>, des fanfares, <strong>troupes de percussions<\/strong>, concerts et DJ feront tourner les platines pour vous faire danser toute la soir\u00e9e.<\/p>\n<p class=\" wall-content\">Suivez toute l\u2019actualit\u00e9 de vos villes et m\u00e9dias favoris en vous inscrivant \u00e0 <a href=\"https:\/\/moncompte.actu.fr\" title=\"D\u00e9couvez Mon Actu\" rel=\"nofollow noopener\" data-trk=\"{&quot;cta&quot;:{&quot;action&quot;:&quot;https:\\\/\\\/moncompte.actu.fr&quot;,&quot;category&quot;:&quot;mon compte&quot;,&quot;from&quot;:&quot;article footer&quot;,&quot;name&quot;:&quot;Mon actu&quot;,&quot;type&quot;:&quot;cta&quot;}}\" target=\"_blank\">Mon Actu<\/a>.<\/p>\n","protected":false},"excerpt":{"rendered":"Par Agence de presse APEI Publi\u00e9 le 7 ao\u00fbt 2025 \u00e0 11h07 Elles ont anim\u00e9 le port de&hellip;\n","protected":false},"author":2,"featured_media":302442,"comment_status":"","ping_status":"","sticky":false,"template":"","format":"standard","meta":{"footnotes":""},"categories":[9619],"tags":[1111,11,1063,1777,674,1011,27,1652,12,882,25,2310],"class_list":{"0":"post-302441","1":"post","2":"type-post","3":"status-publish","4":"format-standard","5":"has-post-thumbnail","7":"category-toulon","8":"tag-actu","9":"tag-actualites","10":"tag-animations","11":"tag-eu","12":"tag-europe","13":"tag-fr","14":"tag-france","15":"tag-loisirs-culture","16":"tag-news","17":"tag-provence-alpes-cote-dazur","18":"tag-republique-francaise","19":"tag-toulon"},"share_on_mastodon":{"url":"https:\/\/pubeurope.com\/@fr\/114986830021119050","error":""},"_links":{"self":[{"href":"https:\/\/www.europesays.com\/fr\/wp-json\/wp\/v2\/posts\/302441","targetHints":{"allow":["GET"]}}],"collection":[{"href":"https:\/\/www.europesays.com\/fr\/wp-json\/wp\/v2\/posts"}],"about":[{"href":"https:\/\/www.europesays.com\/fr\/wp-json\/wp\/v2\/types\/post"}],"author":[{"embeddable":true,"href":"https:\/\/www.europesays.com\/fr\/wp-json\/wp\/v2\/users\/2"}],"replies":[{"embeddable":true,"href":"https:\/\/www.europesays.com\/fr\/wp-json\/wp\/v2\/comments?post=302441"}],"version-history":[{"count":0,"href":"https:\/\/www.europesays.com\/fr\/wp-json\/wp\/v2\/posts\/302441\/revisions"}],"wp:featuredmedia":[{"embeddable":true,"href":"https:\/\/www.europesays.com\/fr\/wp-json\/wp\/v2\/media\/302442"}],"wp:attachment":[{"href":"https:\/\/www.europesays.com\/fr\/wp-json\/wp\/v2\/media?parent=302441"}],"wp:term":[{"taxonomy":"category","embeddable":true,"href":"https:\/\/www.europesays.com\/fr\/wp-json\/wp\/v2\/categories?post=302441"},{"taxonomy":"post_tag","embeddable":true,"href":"https:\/\/www.europesays.com\/fr\/wp-json\/wp\/v2\/tags?post=302441"}],"curies":[{"name":"wp","href":"https:\/\/api.w.org\/{rel}","templated":true}]}}