{"id":302443,"date":"2025-08-07T09:42:10","date_gmt":"2025-08-07T09:42:10","guid":{"rendered":"https:\/\/www.europesays.com\/fr\/302443\/"},"modified":"2025-08-07T09:42:10","modified_gmt":"2025-08-07T09:42:10","slug":"les-verites-de-patrick-tuifua-sur-sa-decision-de-quitter-la-nouvelle-zelande-pour-rejoindre-toulon","status":"publish","type":"post","link":"https:\/\/www.europesays.com\/fr\/302443\/","title":{"rendered":"Les v\u00e9rit\u00e9s de Patrick Tuifua sur sa d\u00e9cision de quitter la Nouvelle-Z\u00e9lande pour rejoindre Toulon"},"content":{"rendered":"<p>Courtis\u00e9 par de nombreux clubs du Top 14 alors qu\u2019il tentait de percer en Super Rugby avec les Hurricanes, le jeune troisi\u00e8me ligne Patrick Tuifua a finalement opt\u00e9 pour le Rugby Club Toulonnais.<\/p>\n<p>Ce-dernier avait le choix entre persister en Nouvelle-Z\u00e9lande et essayer d\u2019int\u00e9grer le squad des All-Blacks \u00e0 terme, ou bien signer en Top 14 et r\u00e9pondre favorablement \u00e0 l\u2019approche du s\u00e9lectionneur fran\u00e7ais Fabien Galthi\u00e9 de l\u2019int\u00e9grer dans le groupe France.<\/p>\n<p>Et Patrick Tuifua a finalement d\u00e9cid\u00e9 de se rapprocher du XV de France en rejoignant le RCT. Il avait d\u2019ailleurs \u00e9galement visit\u00e9 les installations du Stade Rochelais.<\/p>\n<p>Lors d\u2019un entretien accord\u00e9 au journal <a href=\"https:\/\/www.lequipe.fr\/Rugby\/Article\/-partir-de-nouvelle-zelande-c-etait-une-decision-difficile-apres-son-pari-rate-en-super-rugby-le-prometteur-troisieme-ligne-patrick-tuifua-s-exprime-sur-son-choix-de-rejoindre-toulon\/1583544\" rel=\"nofollow noopener\" target=\"_blank\">L\u2019\u00e9quipe<\/a>, Patrick Tuifua a expliqu\u00e9 sa d\u00e9cision de quitter finalement les Hurricanes pour rejoindre les rangs du XV de la Rade.<\/p>\n<p><strong>Il se confie. Extrait:<\/strong><\/p>\n<p>\u00ab\u00a0J\u2019en ai discut\u00e9 avec mon p\u00e8re, et on a finalement d\u00e9cid\u00e9 de venir ici \u00e0 Toulon, o\u00f9 j\u2019ai de la famille proche, pour tester, en esp\u00e9rant avoir un peu plus de temps de jeu.\u00a0\u00bb<\/p>\n<p>Il faut dire que Patrick Tuifua n\u2019a vraiment pas \u00e9t\u00e9 g\u00e2t\u00e9 par les Hurricanes. Ce-dernier n\u2019a pas jou\u00e9 la moindre minute de jeu avec la franchise N\u00e9o-Z\u00e9landaise.<\/p>\n<p>En un an, il aura jou\u00e9 seulement trois matches de NPC avec Hawke\u2019s Bay et des matches de pr\u00e9saison.<\/p>\n<p><strong>Le jeune joueur r\u00e9agit. Extrait:<\/strong><\/p>\n<p>\u00ab Je n\u2019ai pas \u00e9t\u00e9 int\u00e9gr\u00e9 \u00e0 l\u2019\u00e9quipe des Hurricanes car j\u2019\u00e9tais bless\u00e9, puis ils ne sont pas tr\u00e8s tourn\u00e9s vers les jeunes. \u00bb<\/p>\n<p>C\u2019est finalement du c\u00f4t\u00e9 de La Valette-du-Var que Patrick Tuifua s\u2019est install\u00e9e, chez sa s\u0153ur, d\u00e8s le d\u00e9but du mois de juillet.<\/p>\n<p>Il conc\u00e8de que quitter la Nouvelle-Z\u00e9lande a \u00e9t\u00e9 une d\u00e9cision tr\u00e8s difficile \u00e0 prendre.<\/p>\n<p><strong>Pour autant, il r\u00eave toujours de jouer en Super Rugby. Extrait:<\/strong><\/p>\n<p>\u00ab Partir de Nouvelle-Z\u00e9lande, c\u2019\u00e9tait une d\u00e9cision difficile. C\u2019est cinq ans de ma vie, c\u2019est l\u00e0-bas que j\u2019ai appris \u00e0 jouer \u00e0 quinze, que j\u2019ai progress\u00e9. Mais je ne veux pas faire une croix sur le Super Rugby, c\u2019est un r\u00eave pour moi d\u2019y jouer et j\u2019esp\u00e8re y retourner un jour. Dans le Pacifique, on est plus branch\u00e9 Super Rugby, mais le Top 14, c\u2019est pareil, c\u2019est un r\u00eave quand on commence \u00e0 jouer au rugby, j\u2019ai h\u00e2te d\u2019\u00eatre \u00e0 mon premier match. Il y a du stress aussi\u2026 \u00bb<\/p>\n","protected":false},"excerpt":{"rendered":"Courtis\u00e9 par de nombreux clubs du Top 14 alors qu\u2019il tentait de percer en Super Rugby avec les&hellip;\n","protected":false},"author":2,"featured_media":302444,"comment_status":"","ping_status":"","sticky":false,"template":"","format":"standard","meta":{"footnotes":""},"categories":[9619],"tags":[1111,11,1777,674,1011,27,12,882,25,2310],"class_list":{"0":"post-302443","1":"post","2":"type-post","3":"status-publish","4":"format-standard","5":"has-post-thumbnail","7":"category-toulon","8":"tag-actu","9":"tag-actualites","10":"tag-eu","11":"tag-europe","12":"tag-fr","13":"tag-france","14":"tag-news","15":"tag-provence-alpes-cote-dazur","16":"tag-republique-francaise","17":"tag-toulon"},"share_on_mastodon":{"url":"https:\/\/pubeurope.com\/@fr\/114986833958041702","error":""},"_links":{"self":[{"href":"https:\/\/www.europesays.com\/fr\/wp-json\/wp\/v2\/posts\/302443","targetHints":{"allow":["GET"]}}],"collection":[{"href":"https:\/\/www.europesays.com\/fr\/wp-json\/wp\/v2\/posts"}],"about":[{"href":"https:\/\/www.europesays.com\/fr\/wp-json\/wp\/v2\/types\/post"}],"author":[{"embeddable":true,"href":"https:\/\/www.europesays.com\/fr\/wp-json\/wp\/v2\/users\/2"}],"replies":[{"embeddable":true,"href":"https:\/\/www.europesays.com\/fr\/wp-json\/wp\/v2\/comments?post=302443"}],"version-history":[{"count":0,"href":"https:\/\/www.europesays.com\/fr\/wp-json\/wp\/v2\/posts\/302443\/revisions"}],"wp:featuredmedia":[{"embeddable":true,"href":"https:\/\/www.europesays.com\/fr\/wp-json\/wp\/v2\/media\/302444"}],"wp:attachment":[{"href":"https:\/\/www.europesays.com\/fr\/wp-json\/wp\/v2\/media?parent=302443"}],"wp:term":[{"taxonomy":"category","embeddable":true,"href":"https:\/\/www.europesays.com\/fr\/wp-json\/wp\/v2\/categories?post=302443"},{"taxonomy":"post_tag","embeddable":true,"href":"https:\/\/www.europesays.com\/fr\/wp-json\/wp\/v2\/tags?post=302443"}],"curies":[{"name":"wp","href":"https:\/\/api.w.org\/{rel}","templated":true}]}}