{"id":302449,"date":"2025-08-07T09:45:12","date_gmt":"2025-08-07T09:45:12","guid":{"rendered":"https:\/\/www.europesays.com\/fr\/302449\/"},"modified":"2025-08-07T09:45:12","modified_gmt":"2025-08-07T09:45:12","slug":"inma-rouen-un-premier-forum-des-projets-et-un-nouveau-cap","status":"publish","type":"post","link":"https:\/\/www.europesays.com\/fr\/302449\/","title":{"rendered":"In&#038;Ma Rouen\u00a0: un premier Forum des Projets et un nouveau cap"},"content":{"rendered":"<p>Cette initiative est port\u00e9e par \u00c9ric Mauboussin, nouveau directeur depuis juin, qui souhaite renforcer le lien entre la formation et la r\u00e9alit\u00e9 industrielle. Fraichement nomm\u00e9 \u00e0 la t\u00eate du campus rouennais et ancien responsable de site industriel, ce dernier mise sur l\u2019alternance et l\u2019immersion pour former les futurs cadres de l\u2019ing\u00e9nierie d\u2019affaires et du management industriel.<\/p>\n<p>Un salon pour concr\u00e9tiser dix mois de travail<\/p>\n<p>Avec 69% des \u00e9tudiants d\u00e9j\u00e0 en poste dans des entreprises de la r\u00e9gion, In&amp;Ma favorise la proximit\u00e9 et l\u2019efficacit\u00e9. Le Forum des Projets, organis\u00e9 pour la premi\u00e8re fois, a permis aux 78 \u00e9tudiants du Mast\u00e8re \u00abExperts en Management de projets industriels\u00bb de pr\u00e9senter en cinq jours le fruit de dix mois de r\u00e9flexion. Chaque \u00e9quipe \u00e9tait amen\u00e9e \u00e0 convaincre sur des sujets qui vont de l\u2019industrie 4.0 \u00e0 la tra\u00e7abilit\u00e9 ou au bilan carbone.<\/p>\n<p>Sous forme de salon professionnel, cet \u00e9v\u00e9nement veut transformer les codes de la pr\u00e9sentation acad\u00e9mique afin de r\u00e9pondre aux attentes du terrain. Les porteurs de projets ont mis en avant leur expertise \u00e0 travers des jeux, des outils p\u00e9dagogiques ou des solutions cl\u00e9 en main. On citera notamment un module ludique sur l\u2019excellence op\u00e9rationnelle et une offre de formation d\u00e9di\u00e9e au reporting durable.<\/p>\n","protected":false},"excerpt":{"rendered":"Cette initiative est port\u00e9e par \u00c9ric Mauboussin, nouveau directeur depuis juin, qui souhaite renforcer le lien entre la&hellip;\n","protected":false},"author":2,"featured_media":302450,"comment_status":"","ping_status":"","sticky":false,"template":"","format":"standard","meta":{"footnotes":""},"categories":[9587],"tags":[1111,11,1777,674,1011,27,12,5161,25,9590],"class_list":{"0":"post-302449","1":"post","2":"type-post","3":"status-publish","4":"format-standard","5":"has-post-thumbnail","7":"category-rouen","8":"tag-actu","9":"tag-actualites","10":"tag-eu","11":"tag-europe","12":"tag-fr","13":"tag-france","14":"tag-news","15":"tag-normandie","16":"tag-republique-francaise","17":"tag-rouen"},"share_on_mastodon":{"url":"https:\/\/pubeurope.com\/@fr\/114986845754707556","error":""},"_links":{"self":[{"href":"https:\/\/www.europesays.com\/fr\/wp-json\/wp\/v2\/posts\/302449","targetHints":{"allow":["GET"]}}],"collection":[{"href":"https:\/\/www.europesays.com\/fr\/wp-json\/wp\/v2\/posts"}],"about":[{"href":"https:\/\/www.europesays.com\/fr\/wp-json\/wp\/v2\/types\/post"}],"author":[{"embeddable":true,"href":"https:\/\/www.europesays.com\/fr\/wp-json\/wp\/v2\/users\/2"}],"replies":[{"embeddable":true,"href":"https:\/\/www.europesays.com\/fr\/wp-json\/wp\/v2\/comments?post=302449"}],"version-history":[{"count":0,"href":"https:\/\/www.europesays.com\/fr\/wp-json\/wp\/v2\/posts\/302449\/revisions"}],"wp:featuredmedia":[{"embeddable":true,"href":"https:\/\/www.europesays.com\/fr\/wp-json\/wp\/v2\/media\/302450"}],"wp:attachment":[{"href":"https:\/\/www.europesays.com\/fr\/wp-json\/wp\/v2\/media?parent=302449"}],"wp:term":[{"taxonomy":"category","embeddable":true,"href":"https:\/\/www.europesays.com\/fr\/wp-json\/wp\/v2\/categories?post=302449"},{"taxonomy":"post_tag","embeddable":true,"href":"https:\/\/www.europesays.com\/fr\/wp-json\/wp\/v2\/tags?post=302449"}],"curies":[{"name":"wp","href":"https:\/\/api.w.org\/{rel}","templated":true}]}}