{"id":302451,"date":"2025-08-07T09:46:10","date_gmt":"2025-08-07T09:46:10","guid":{"rendered":"https:\/\/www.europesays.com\/fr\/302451\/"},"modified":"2025-08-07T09:46:10","modified_gmt":"2025-08-07T09:46:10","slug":"un-homme-place-en-garde-a-vue-a-rouen","status":"publish","type":"post","link":"https:\/\/www.europesays.com\/fr\/302451\/","title":{"rendered":"un homme plac\u00e9 en garde \u00e0 vue \u00e0 Rouen"},"content":{"rendered":"<p class=\"article__intro\">C&rsquo;est une information de nos confr\u00e8res d&rsquo;Ici Normandie, qui nous a \u00e9t\u00e9 confirm\u00e9e par le parquet de Rouen : un homme de 29 ans a \u00e9t\u00e9 plac\u00e9 en garde \u00e0 vue, mercredi 6 ao\u00fbt 2025. Il est soup\u00e7onn\u00e9 de viol sur une mineure de 16 ans.<\/p>\n<p>\n      La Quotidienne Soci\u00e9t\u00e9\n    <\/p>\n<p>\n      De la vie quotidienne aux grands enjeux, recevez tous les jours les sujets qui font la soci\u00e9t\u00e9 locale, comme la justice, l\u2019\u00e9ducation, la sant\u00e9 et la famille.\n    <\/p>\n<p>    France T\u00e9l\u00e9visions utilise votre adresse e-mail afin de vous envoyer la newsletter \u00ab\u00a0La Quotidienne Soci\u00e9t\u00e9\u00a0\u00bb. Vous pouvez vous d\u00e9sinscrire \u00e0 tout moment via le lien en bas de cette newsletter. <a target=\"_blank\" href=\"https:\/\/www.francetelevisions.fr\/groupe\/confidentialite\/politique-de-confidentialite\/politique-de-confidentialite-de-france-televisions-6503\" rel=\"nofollow noopener\">Notre politique de confidentialit\u00e9<\/a><\/p>\n<p>Interpell\u00e9 et plac\u00e9 en garde \u00e0 vue mercredi, un homme de 29 ans est soup\u00e7onn\u00e9 du viol d&rsquo;une adolescente de 16 ans. Selon <a href=\"https:\/\/www.francebleu.fr\/infos\/faits-divers-justice\/un-commercant-de-rouen-en-garde-a-vue-pour-le-viol-d-une-adolescente-de-16-ans-6923241\" target=\"_blank\" rel=\"noopener nofollow\">nos confr\u00e8res d&rsquo;Ici Normandie<\/a>, qui ont r\u00e9v\u00e9l\u00e9 l&rsquo;affaire, l&rsquo;homme serait patron d&rsquo;un commerce situ\u00e9 rive droite, dans le centre-ville de Rouen. Il aurait viol\u00e9 la jeune fille \u00e0 son domicile, rive gauche, dans la nuit du 4 au 5 ao\u00fbt.<\/p>\n<p>Toujours selon nos confr\u00e8res, l&rsquo;adolescente connaissait le mis en cause car elle avait effectu\u00e9 un stage dans son magasin. Elle se serait rendue chez lui tard dans la soir\u00e9e du 4 ao\u00fbt et aurait expliqu\u00e9 aux enqu\u00eateurs avoir pris un verre et s&rsquo;\u00eatre r\u00e9veill\u00e9e le lendemain, dans l&rsquo;apr\u00e8s-midi, \u00ab\u00a0sans aucun souvenir\u00a0\u00bb de la nuit, et avec \u00ab\u00a0de nombreuses blessures sur le corps\u00a0\u00bb. Elle se serait ensuite r\u00e9fugi\u00e9e chez des proches, qui auraient alert\u00e9 la police.<\/p>\n<p>Identifi\u00e9 et interpell\u00e9 t\u00f4t ce mercredi \u00e0 son domicile, l&rsquo;homme serait d\u00e9j\u00e0 connu des services de police pour exhibition et tentative de viol.<\/p>\n<p>Une enqu\u00eate a \u00e9t\u00e9 ouverte pour viol, confirme le procureur de Rouen, S\u00e9bastien Gallois. \u00ab\u00a0Les investigations sont en cours\u00a0\u00bb, pr\u00e9cise-t-il simplement, indiquant \u00eatre en mesure d&rsquo;apporter des informations compl\u00e9mentaires demain, dans la matin\u00e9e.<\/p>\n","protected":false},"excerpt":{"rendered":"C&rsquo;est une information de nos confr\u00e8res d&rsquo;Ici Normandie, qui nous a \u00e9t\u00e9 confirm\u00e9e par le parquet de Rouen&hellip;\n","protected":false},"author":2,"featured_media":302452,"comment_status":"","ping_status":"","sticky":false,"template":"","format":"standard","meta":{"footnotes":""},"categories":[9587],"tags":[1111,11,1777,674,1011,27,12,5161,25,9590],"class_list":{"0":"post-302451","1":"post","2":"type-post","3":"status-publish","4":"format-standard","5":"has-post-thumbnail","7":"category-rouen","8":"tag-actu","9":"tag-actualites","10":"tag-eu","11":"tag-europe","12":"tag-fr","13":"tag-france","14":"tag-news","15":"tag-normandie","16":"tag-republique-francaise","17":"tag-rouen"},"share_on_mastodon":{"url":"https:\/\/pubeurope.com\/@fr\/114986849575822313","error":""},"_links":{"self":[{"href":"https:\/\/www.europesays.com\/fr\/wp-json\/wp\/v2\/posts\/302451","targetHints":{"allow":["GET"]}}],"collection":[{"href":"https:\/\/www.europesays.com\/fr\/wp-json\/wp\/v2\/posts"}],"about":[{"href":"https:\/\/www.europesays.com\/fr\/wp-json\/wp\/v2\/types\/post"}],"author":[{"embeddable":true,"href":"https:\/\/www.europesays.com\/fr\/wp-json\/wp\/v2\/users\/2"}],"replies":[{"embeddable":true,"href":"https:\/\/www.europesays.com\/fr\/wp-json\/wp\/v2\/comments?post=302451"}],"version-history":[{"count":0,"href":"https:\/\/www.europesays.com\/fr\/wp-json\/wp\/v2\/posts\/302451\/revisions"}],"wp:featuredmedia":[{"embeddable":true,"href":"https:\/\/www.europesays.com\/fr\/wp-json\/wp\/v2\/media\/302452"}],"wp:attachment":[{"href":"https:\/\/www.europesays.com\/fr\/wp-json\/wp\/v2\/media?parent=302451"}],"wp:term":[{"taxonomy":"category","embeddable":true,"href":"https:\/\/www.europesays.com\/fr\/wp-json\/wp\/v2\/categories?post=302451"},{"taxonomy":"post_tag","embeddable":true,"href":"https:\/\/www.europesays.com\/fr\/wp-json\/wp\/v2\/tags?post=302451"}],"curies":[{"name":"wp","href":"https:\/\/api.w.org\/{rel}","templated":true}]}}