{"id":302453,"date":"2025-08-07T09:49:11","date_gmt":"2025-08-07T09:49:11","guid":{"rendered":"https:\/\/www.europesays.com\/fr\/302453\/"},"modified":"2025-08-07T09:49:11","modified_gmt":"2025-08-07T09:49:11","slug":"une-touriste-allemande-adepte-du-speed-riding-chute-perd-la-vie-dans-la-station-des-deux-alpes","status":"publish","type":"post","link":"https:\/\/www.europesays.com\/fr\/302453\/","title":{"rendered":"une touriste allemande adepte du speed-riding chute perd la vie dans la station des Deux Alpes"},"content":{"rendered":"<p itemprop=\"description\"><strong>Les faits se sont produits ce mercredi 6 ao\u00fbt.<\/strong><\/p>\n<p>\u00c0 la mi-journ\u00e9e, les secours ont \u00e9t\u00e9 appel\u00e9s pour intervenir dans la station des Deux Alpes (Is\u00e8re), au niveau du secteur des Perrons. Une touriste de nationalit\u00e9 allemande a chut\u00e9 de plusieurs m\u00e8tres, alors qu\u2019elle effectuait du speed riding, avant de s\u2019\u00e9craser par terre.<\/p>\n<p>La chute a \u00e9t\u00e9 fatale pour la ressortissante \u00e2g\u00e9e de 30 ans, puisqu\u2019elle a succomb\u00e9 \u00e0 ses blessures au moment de l\u2019arriv\u00e9e des secouristes du peloton de gendarmerie de haute montagne (PGHM) et d\u2019un m\u00e9decin du Samu en h\u00e9licopt\u00e8re. Son corps a donc \u00e9t\u00e9 transport\u00e9 aux pompes fun\u00e8bres intercommunales.\u00a0<\/p>\n<p>\u00c0 noter qu\u2019une enqu\u00eate est en cours pour conna\u00eetre la raison exacte de ce drame.<\/p>\n<p>Encore m\u00e9connu du grand public, le speed riding est un sport combinant le parapente et le ski. Il faut donc alterner entre le vol et la glisse sur la neige.<\/p>\n","protected":false},"excerpt":{"rendered":"Les faits se sont produits ce mercredi 6 ao\u00fbt. \u00c0 la mi-journ\u00e9e, les secours ont \u00e9t\u00e9 appel\u00e9s pour&hellip;\n","protected":false},"author":2,"featured_media":302454,"comment_status":"","ping_status":"","sticky":false,"template":"","format":"standard","meta":{"footnotes":""},"categories":[9566],"tags":[1111,11,7733,8279,2430,7736,650,7734,2889,2263,1777,674,1011,27,2731,8280,6417,1114,108,4662,12,3725,1825,25,7737],"class_list":{"0":"post-302453","1":"post","2":"type-post","3":"status-publish","4":"format-standard","5":"has-post-thumbnail","7":"category-grenoble","8":"tag-actu","9":"tag-actualites","10":"tag-alpes","11":"tag-alpes1","12":"tag-auvergne-rhone-alpes","13":"tag-cds","14":"tag-cinema","15":"tag-ecoute","16":"tag-emission","17":"tag-equipe","18":"tag-eu","19":"tag-europe","20":"tag-fr","21":"tag-france","22":"tag-grenoble","23":"tag-haute","24":"tag-information","25":"tag-infos","26":"tag-isere","27":"tag-journal","28":"tag-news","29":"tag-podcast","30":"tag-radio","31":"tag-republique-francaise","32":"tag-winamp"},"share_on_mastodon":{"url":"https:\/\/pubeurope.com\/@fr\/114986861417650559","error":""},"_links":{"self":[{"href":"https:\/\/www.europesays.com\/fr\/wp-json\/wp\/v2\/posts\/302453","targetHints":{"allow":["GET"]}}],"collection":[{"href":"https:\/\/www.europesays.com\/fr\/wp-json\/wp\/v2\/posts"}],"about":[{"href":"https:\/\/www.europesays.com\/fr\/wp-json\/wp\/v2\/types\/post"}],"author":[{"embeddable":true,"href":"https:\/\/www.europesays.com\/fr\/wp-json\/wp\/v2\/users\/2"}],"replies":[{"embeddable":true,"href":"https:\/\/www.europesays.com\/fr\/wp-json\/wp\/v2\/comments?post=302453"}],"version-history":[{"count":0,"href":"https:\/\/www.europesays.com\/fr\/wp-json\/wp\/v2\/posts\/302453\/revisions"}],"wp:featuredmedia":[{"embeddable":true,"href":"https:\/\/www.europesays.com\/fr\/wp-json\/wp\/v2\/media\/302454"}],"wp:attachment":[{"href":"https:\/\/www.europesays.com\/fr\/wp-json\/wp\/v2\/media?parent=302453"}],"wp:term":[{"taxonomy":"category","embeddable":true,"href":"https:\/\/www.europesays.com\/fr\/wp-json\/wp\/v2\/categories?post=302453"},{"taxonomy":"post_tag","embeddable":true,"href":"https:\/\/www.europesays.com\/fr\/wp-json\/wp\/v2\/tags?post=302453"}],"curies":[{"name":"wp","href":"https:\/\/api.w.org\/{rel}","templated":true}]}}