{"id":302455,"date":"2025-08-07T09:50:11","date_gmt":"2025-08-07T09:50:11","guid":{"rendered":"https:\/\/www.europesays.com\/fr\/302455\/"},"modified":"2025-08-07T09:50:11","modified_gmt":"2025-08-07T09:50:11","slug":"un-accident-entre-deux-vehicules-sur-la-rocade-les-bouchons-se-forment","status":"publish","type":"post","link":"https:\/\/www.europesays.com\/fr\/302455\/","title":{"rendered":"un accident entre deux v\u00e9hicules sur la rocade, les bouchons se forment"},"content":{"rendered":"<p>            Par<br \/>\n        <strong><br \/>\n            <a href=\"https:\/\/actu.fr\/auteur\/laurene-fertin\" title=\"Consulter tous les articles de Laur\u00e8ne Fertin\" rel=\"nofollow noopener\" target=\"_blank\">Laur\u00e8ne Fertin<\/a><br \/>\n        <\/strong><\/p>\n<p>        Publi\u00e9 le<\/p>\n<p>            7 ao\u00fbt 2025 \u00e0 9h54        <\/p>\n<p>Une collision s\u2019est produite entre <strong>deux v\u00e9hicules,<\/strong> ce matin du jeudi 7 ao\u00fbt 2025, aux alentours de 9h30.<\/p>\n<p class=\" wall-content\">L\u2019accident s\u2019est produit sur la rocade, sur la <strong>N136,<\/strong> dans le sens ext\u00e9rieur, au niveau de <strong>la porte de Brest (sortie 12).<\/strong><\/p>\n<p>    <img   decoding=\"async\" loading=\"lazy\" src=\"https:\/\/www.europesays.com\/fr\/wp-content\/uploads\/2025\/08\/accident-voitures-rocade-rennes-7-aout-2025-960x640.jpg\" alt=\"xxx\" width=\"960\" height=\"640\"\/><br \/>\n    2,5 km de bouchons sont recens\u00e9s depuis 9h30 ce matin. (\u00a9Capture d\u2019\u00e9cran Viamichelin.fr)<\/p>\n<p class=\" wall-content\">Selon Bison Fut\u00e9,<strong> 2,5 km de bouchons<\/strong> se forment actuellement sur la route. Une r\u00e9duction du nombre de voies est applicable \u00e0 tous les v\u00e9hicules.<\/p>\n<p class=\" wall-content\">Suivez toute l\u2019actualit\u00e9 de vos villes et m\u00e9dias favoris en vous inscrivant \u00e0 <a href=\"https:\/\/moncompte.actu.fr\" title=\"D\u00e9couvez Mon Actu\" rel=\"nofollow noopener\" data-trk=\"{&quot;cta&quot;:{&quot;action&quot;:&quot;https:\\\/\\\/moncompte.actu.fr&quot;,&quot;category&quot;:&quot;mon compte&quot;,&quot;from&quot;:&quot;article footer&quot;,&quot;name&quot;:&quot;Mon actu&quot;,&quot;type&quot;:&quot;cta&quot;}}\" target=\"_blank\">Mon Actu<\/a>.<\/p>\n","protected":false},"excerpt":{"rendered":"Par Laur\u00e8ne Fertin Publi\u00e9 le 7 ao\u00fbt 2025 \u00e0 9h54 Une collision s\u2019est produite entre deux v\u00e9hicules, ce&hellip;\n","protected":false},"author":2,"featured_media":302456,"comment_status":"","ping_status":"","sticky":false,"template":"","format":"standard","meta":{"footnotes":""},"categories":[2821],"tags":[1111,11,646,829,3542,1777,674,118,1011,27,803,12,584,25],"class_list":{"0":"post-302455","1":"post","2":"type-post","3":"status-publish","4":"format-standard","5":"has-post-thumbnail","7":"category-rennes","8":"tag-actu","9":"tag-actualites","10":"tag-automobile","11":"tag-bretagne","12":"tag-circulation","13":"tag-eu","14":"tag-europe","15":"tag-faits-divers","16":"tag-fr","17":"tag-france","18":"tag-info-trafic","19":"tag-news","20":"tag-rennes","21":"tag-republique-francaise"},"share_on_mastodon":{"url":"https:\/\/pubeurope.com\/@fr\/114986865358032920","error":""},"_links":{"self":[{"href":"https:\/\/www.europesays.com\/fr\/wp-json\/wp\/v2\/posts\/302455","targetHints":{"allow":["GET"]}}],"collection":[{"href":"https:\/\/www.europesays.com\/fr\/wp-json\/wp\/v2\/posts"}],"about":[{"href":"https:\/\/www.europesays.com\/fr\/wp-json\/wp\/v2\/types\/post"}],"author":[{"embeddable":true,"href":"https:\/\/www.europesays.com\/fr\/wp-json\/wp\/v2\/users\/2"}],"replies":[{"embeddable":true,"href":"https:\/\/www.europesays.com\/fr\/wp-json\/wp\/v2\/comments?post=302455"}],"version-history":[{"count":0,"href":"https:\/\/www.europesays.com\/fr\/wp-json\/wp\/v2\/posts\/302455\/revisions"}],"wp:featuredmedia":[{"embeddable":true,"href":"https:\/\/www.europesays.com\/fr\/wp-json\/wp\/v2\/media\/302456"}],"wp:attachment":[{"href":"https:\/\/www.europesays.com\/fr\/wp-json\/wp\/v2\/media?parent=302455"}],"wp:term":[{"taxonomy":"category","embeddable":true,"href":"https:\/\/www.europesays.com\/fr\/wp-json\/wp\/v2\/categories?post=302455"},{"taxonomy":"post_tag","embeddable":true,"href":"https:\/\/www.europesays.com\/fr\/wp-json\/wp\/v2\/tags?post=302455"}],"curies":[{"name":"wp","href":"https:\/\/api.w.org\/{rel}","templated":true}]}}