{"id":302457,"date":"2025-08-07T09:51:18","date_gmt":"2025-08-07T09:51:18","guid":{"rendered":"https:\/\/www.europesays.com\/fr\/302457\/"},"modified":"2025-08-07T09:51:18","modified_gmt":"2025-08-07T09:51:18","slug":"valentin-rongier-le-joueur-coach-sur-lequel-rennes-mise-pour-retrouver-leurope","status":"publish","type":"post","link":"https:\/\/www.europesays.com\/fr\/302457\/","title":{"rendered":"Valentin Rongier, le \u00ab\u00a0joueur-coach\u00a0\u00bb sur lequel Rennes mise pour retrouver l&rsquo;Europe"},"content":{"rendered":"<p>Djaoui, c&rsquo;est d\u00e9j\u00e0 oui !<\/p>\n<p>Pour ceux qui l&rsquo;avaient loup\u00e9 lors de la seconde partie de saison derni\u00e8re, alors propuls\u00e9 titulaire (14 parties) par Habib Beye, son nouvel entra\u00eeneur, l&rsquo;Euro Espoirs a r\u00e9v\u00e9l\u00e9 Djaoui Ciss\u00e9, issu de l&rsquo;acad\u00e9mie du Stade Rennais. En ce mois de juin, qui a vu les Bleuets \u00e9chouer en demi-finales, le longiligne (1,88 m) milieu axial a pris toute la lumi\u00e8re, \u00e9tant notamment auteur de 3 buts en 4 rencontres et \u00e9tant \u00e9lu deux fois homme du match. <br \/>\u00c0 21 ans, l&rsquo;invit\u00e9 surprise a vite \u00e9t\u00e9 compar\u00e9 par ses co\u00e9quipiers \u00e0 Patrick Vieira ou Abou Diaby, ce qui d\u00e9note un immense potentiel : costaud dans les duels, capacit\u00e9 \u00e0 casser les lignes et grosse frappe. Ce grand timide va devoir d\u00e9sormais encha\u00eener, confirmer, progresser, bien s\u00fbr, d\u00e9j\u00e0 dans son club, o\u00f9 il a prolong\u00e9 jusqu&rsquo;en 2029 et qui se veut des ambitions europ\u00e9ennes. Aux c\u00f4t\u00e9s de joueurs comme Seko Fofana et Valentin Rongier, il a tout pour y arriver. <b>F.L.D.<\/b><\/p>\n","protected":false},"excerpt":{"rendered":"Djaoui, c&rsquo;est d\u00e9j\u00e0 oui ! Pour ceux qui l&rsquo;avaient loup\u00e9 lors de la seconde partie de saison derni\u00e8re,&hellip;\n","protected":false},"author":2,"featured_media":302458,"comment_status":"","ping_status":"","sticky":false,"template":"","format":"standard","meta":{"footnotes":""},"categories":[2821],"tags":[1111,11,829,1777,674,1011,27,12,584,25],"class_list":{"0":"post-302457","1":"post","2":"type-post","3":"status-publish","4":"format-standard","5":"has-post-thumbnail","7":"category-rennes","8":"tag-actu","9":"tag-actualites","10":"tag-bretagne","11":"tag-eu","12":"tag-europe","13":"tag-fr","14":"tag-france","15":"tag-news","16":"tag-rennes","17":"tag-republique-francaise"},"share_on_mastodon":{"url":"https:\/\/pubeurope.com\/@fr\/114986869283927251","error":""},"_links":{"self":[{"href":"https:\/\/www.europesays.com\/fr\/wp-json\/wp\/v2\/posts\/302457","targetHints":{"allow":["GET"]}}],"collection":[{"href":"https:\/\/www.europesays.com\/fr\/wp-json\/wp\/v2\/posts"}],"about":[{"href":"https:\/\/www.europesays.com\/fr\/wp-json\/wp\/v2\/types\/post"}],"author":[{"embeddable":true,"href":"https:\/\/www.europesays.com\/fr\/wp-json\/wp\/v2\/users\/2"}],"replies":[{"embeddable":true,"href":"https:\/\/www.europesays.com\/fr\/wp-json\/wp\/v2\/comments?post=302457"}],"version-history":[{"count":0,"href":"https:\/\/www.europesays.com\/fr\/wp-json\/wp\/v2\/posts\/302457\/revisions"}],"wp:featuredmedia":[{"embeddable":true,"href":"https:\/\/www.europesays.com\/fr\/wp-json\/wp\/v2\/media\/302458"}],"wp:attachment":[{"href":"https:\/\/www.europesays.com\/fr\/wp-json\/wp\/v2\/media?parent=302457"}],"wp:term":[{"taxonomy":"category","embeddable":true,"href":"https:\/\/www.europesays.com\/fr\/wp-json\/wp\/v2\/categories?post=302457"},{"taxonomy":"post_tag","embeddable":true,"href":"https:\/\/www.europesays.com\/fr\/wp-json\/wp\/v2\/tags?post=302457"}],"curies":[{"name":"wp","href":"https:\/\/api.w.org\/{rel}","templated":true}]}}