{"id":30246,"date":"2025-04-16T23:34:16","date_gmt":"2025-04-16T23:34:16","guid":{"rendered":"https:\/\/www.europesays.com\/fr\/30246\/"},"modified":"2025-04-16T23:34:16","modified_gmt":"2025-04-16T23:34:16","slug":"metropole-de-grenoble-le-president-de-la-metropole-christophe-ferrari-rejoint-place-publique","status":"publish","type":"post","link":"https:\/\/www.europesays.com\/fr\/30246\/","title":{"rendered":"M\u00e9tropole de Grenoble. Le pr\u00e9sident de la M\u00e9tropole, Christophe Ferrari, rejoint Place publique"},"content":{"rendered":"<p>\u00ab\u00a0Je me retrouve pleinement dans les valeurs, les impond\u00e9rables, les priorit\u00e9s port\u00e9es par Place publique\u00a0\u00bb. Dans un communiqu\u00e9 transmis ce mardi 15\u00a0avril, le pr\u00e9sident de la M\u00e9tropole de Grenoble et maire du Pont-de-Claix annonce rejoindre \u00ab\u00a0tr\u00e8s logiquement ce mouvement qui consid\u00e8re, tout comme moi, qu\u2019il n\u2019y a pas de fatalit\u00e9, bien au contraire, qui consid\u00e8re que tout est possible et est force de propositions et de solutions\u00a0!\u00a0\u00bb<\/p>\n<p>  L\u2019\u00e9lu se retrouve dans \u00ab\u00a0l\u2019approche pragmatique et progressiste\u00a0\u00bb<\/p>\n<p>\u00ab\u00a0Je suis tr\u00e8s heureux de rejoindre l\u2019aventure de Place publique, mouvement politique lanc\u00e9 par <a href=\"https:\/\/www.ledauphine.com\/p\/raphael-glucksmann\" target=\"_blank\" rel=\"noopener\">Rapha\u00ebl Glucksmann<\/a> notamment, \u00e0 qui j\u2019avais apport\u00e9 mon soutien \u00e0 l\u2019occasion des derni\u00e8res \u00e9lections europ\u00e9ennes\u00a0\u00bb, explique l\u2019\u00e9lu qui avait claqu\u00e9 la porte du <a href=\"https:\/\/www.ledauphine.com\/isere-sud\/2018\/03\/11\/le-president-de-la-metropole-grenobloise-christophe-ferrari-quitte-le-ps-ktmx\" target=\"_blank\" rel=\"noopener\">PS en 2018<\/a> apr\u00e8s trente ans d\u2019engagement.\u00a0<a href=\"https:\/\/www.ledauphine.com\/p\/christophe-ferrari\" target=\"_blank\" rel=\"noopener\">Christophe Ferrari<\/a> salut notamment ses combats \u00ab\u00a0en faveur de la r\u00e9industrialisation de la France et plus largement de l\u2019Europe\u00a0\u00bb, \u00ab\u00a0pour le pouvoir d\u2019achat, le progr\u00e8s social, l\u2019\u00e9galit\u00e9 des chances et l\u2019\u00e9galit\u00e9 femmes-hommes, la protection sociale et des droits fondamentaux, l\u2019\u00e9gal acc\u00e8s \u00e0 la culture ou \u00e0 l\u2019\u00e9cole r\u00e9publicaine gratuite\u00a0\u00bb, \u00ab\u00a0l\u2019\u00e9laboration d\u2019un Plan Marshall pour la construction de logements abordables et l\u2019acc\u00e9l\u00e9ration de la r\u00e9novation\u00a0\u00bb et \u00ab\u00a0pour une action r\u00e9solue et une planification \u00e9cologique sans pr\u00e9c\u00e9dent\u00a0\u00bb.<\/p>\n<p>Il explique \u00e9galement se retrouver dans \u00ab\u00a0l\u2019approche pragmatique et progressiste\u00a0\u00bb de Place publique sur la question de la s\u00e9curit\u00e9 \u00ab\u00a0en agissant pour un continuum de s\u00e9curit\u00e9, \u00e0 tous les niveaux, qu\u2019il s\u2019agisse de pr\u00e9vention, de m\u00e9diation et de r\u00e9pression\u00a0\u00bb.<\/p>\n<p>\u00ab\u00a0L\u2019heure est aux constats et \u00e0 l\u2019\u00e9coute des Fran\u00e7ais, qui ont besoin d\u2019id\u00e9es pragmatiques et volontaristes, r\u00e9solument tourn\u00e9es vers le progr\u00e8s et engag\u00e9es. Je crois en ce mouvement et en sa capacit\u00e9 \u00e0 regarder les probl\u00e8mes en face pour tenir cette promesse\u00a0\u00bb, assure l\u2019\u00e9lu.<\/p>\n","protected":false},"excerpt":{"rendered":"\u00ab\u00a0Je me retrouve pleinement dans les valeurs, les impond\u00e9rables, les priorit\u00e9s port\u00e9es par Place publique\u00a0\u00bb. Dans un communiqu\u00e9&hellip;\n","protected":false},"author":2,"featured_media":30247,"comment_status":"","ping_status":"","sticky":false,"template":"","format":"standard","meta":{"footnotes":""},"categories":[9566],"tags":[1111,11,2430,112,113,1777,674,1011,27,2731,2732,108,3294,12,3541,316,25],"class_list":{"0":"post-30246","1":"post","2":"type-post","3":"status-publish","4":"format-standard","5":"has-post-thumbnail","7":"category-grenoble","8":"tag-actu","9":"tag-actualites","10":"tag-auvergne-rhone-alpes","11":"tag-edition-grenoble-agglomeration","12":"tag-edition-gresivaudan-oisans","13":"tag-eu","14":"tag-europe","15":"tag-fr","16":"tag-france","17":"tag-grenoble","18":"tag-grenoble-bassin","19":"tag-isere","20":"tag-le-pont-de-claix","21":"tag-news","22":"tag-parti-socialiste","23":"tag-politique","24":"tag-republique-francaise"},"share_on_mastodon":{"url":"https:\/\/pubeurope.com\/@fr\/114350264409121567","error":""},"_links":{"self":[{"href":"https:\/\/www.europesays.com\/fr\/wp-json\/wp\/v2\/posts\/30246","targetHints":{"allow":["GET"]}}],"collection":[{"href":"https:\/\/www.europesays.com\/fr\/wp-json\/wp\/v2\/posts"}],"about":[{"href":"https:\/\/www.europesays.com\/fr\/wp-json\/wp\/v2\/types\/post"}],"author":[{"embeddable":true,"href":"https:\/\/www.europesays.com\/fr\/wp-json\/wp\/v2\/users\/2"}],"replies":[{"embeddable":true,"href":"https:\/\/www.europesays.com\/fr\/wp-json\/wp\/v2\/comments?post=30246"}],"version-history":[{"count":0,"href":"https:\/\/www.europesays.com\/fr\/wp-json\/wp\/v2\/posts\/30246\/revisions"}],"wp:featuredmedia":[{"embeddable":true,"href":"https:\/\/www.europesays.com\/fr\/wp-json\/wp\/v2\/media\/30247"}],"wp:attachment":[{"href":"https:\/\/www.europesays.com\/fr\/wp-json\/wp\/v2\/media?parent=30246"}],"wp:term":[{"taxonomy":"category","embeddable":true,"href":"https:\/\/www.europesays.com\/fr\/wp-json\/wp\/v2\/categories?post=30246"},{"taxonomy":"post_tag","embeddable":true,"href":"https:\/\/www.europesays.com\/fr\/wp-json\/wp\/v2\/tags?post=30246"}],"curies":[{"name":"wp","href":"https:\/\/api.w.org\/{rel}","templated":true}]}}