{"id":302464,"date":"2025-08-07T09:55:13","date_gmt":"2025-08-07T09:55:13","guid":{"rendered":"https:\/\/www.europesays.com\/fr\/302464\/"},"modified":"2025-08-07T09:55:13","modified_gmt":"2025-08-07T09:55:13","slug":"relaxe-generale-dans-laffaire-des-dechets-municipaux-jetes-dans-un-fleuve-pres-de-nice","status":"publish","type":"post","link":"https:\/\/www.europesays.com\/fr\/302464\/","title":{"rendered":"Relaxe g\u00e9n\u00e9rale dans l\u2019affaire des d\u00e9chets municipaux jet\u00e9s dans un fleuve pr\u00e8s de Nice"},"content":{"rendered":"<p>Six personnes, dont l\u2019ancien maire de Puget-Th\u00e9niers et des agents municipaux, \u00e9taient poursuivies pour avoir d\u00e9vers\u00e9 pendant des ann\u00e9es les d\u00e9chets des balayeuses dans le fleuve c\u00f4tier du Var.<\/p>\n<p class=\"fig-paragraph\">Le tribunal de Nice a relax\u00e9 mercredi six personnes poursuivies pour avoir d\u00e9vers\u00e9 pendant des ann\u00e9es, selon le parquet,\u00a0<a href=\"http:\/\/www.lefigaro.fr\/nice\/alpes-maritimes-un-ex-maire-juge-pour-avoir-fait-jeter-des-tonnes-de-dechets-municipaux-dans-la-nature-20250707\" data-fig-type=\"NewsFlash\" data-gtm-custom-categorie=\"navigation\" data-gtm-custom-action=\"crossclick\" data-gtm-custom-label=\"Contextuel\" data-gtm-event=\"customEventSPE\" data-fig-domain=\"LEFIGARO\" target=\"_blank\" rel=\"noopener\">un total de 1500 m3 de d\u00e9chets au bord du fleuve Var<\/a>, \u00e0 Puget-Th\u00e9niers (Alpes-Maritimes). Lors de l\u2019audience d\u00e9but juillet, des peines allant jusqu\u2019\u00e0 quinze mois de prison avec sursis avaient \u00e9t\u00e9 requises \u00e0 l\u2019encontre des pr\u00e9venus, parmi lesquels l\u2019ancien maire et des agents municipaux de ce bourg rural, le parquet soulignant le devoir d\u2019exemplarit\u00e9 des collectivit\u00e9s territoriales.<\/p>\n<p class=\"fig-paragraph\">Dans son jugement, le tribunal a estim\u00e9 ne pas avoir d\u2019\u00e9l\u00e9ments permettant d\u2019\u00e9tablir l\u2019infraction de\u00a0<a href=\"http:\/\/www.lefigaro.fr\/conjoncture\/dechets-sur-l-autoroute-vinci-alerte-sur-la-persistance-des-incivilites-20250731\" data-fig-type=\"Article\" data-gtm-custom-categorie=\"navigation\" data-gtm-custom-action=\"crossclick\" data-gtm-custom-label=\"Contextuel\" data-gtm-event=\"customEventSPE\" data-fig-domain=\"LEFIGARO\" target=\"_blank\" rel=\"noopener\">jet de d\u00e9chets<\/a>, et ne pouvoir retenir les auditions des balayeurs du fait de l\u2019absence de leur avocat. Il a par ailleurs jug\u00e9 que certaines dispositions du code de l\u2019environnement ne s\u2019appliquaient pas au moment des faits.<\/p>\n<p>                                    <a class=\"fig-a11y-skip a11y-hidden\" href=\"#fig-a11y-skip-main-inarticle\"><br \/>\n        Passer la publicit\u00e9<br \/>\n    <\/a><\/p>\n<p class=\"fig-paragraph\">\u00abLe tribunal a clairement \u00e9cart\u00e9 les approximations de l\u2019accusation qui a cherch\u00e9 \u00e0 travers ce dossier \u00e0 faire un exemple au m\u00e9pris des principes fondamentaux\u00bb, a estim\u00e9 Me Audrey Massei, avocate de trois agents municipaux, d\u00e9non\u00e7ant le \u00absensationnalisme\u00bb du parquet et des parties civiles.<\/p>\n<p>Feuilles mortes, terre, m\u00e9gots, cannettes<\/p>\n<p class=\"fig-paragraph\">L\u2019affaire remontait \u00e0 f\u00e9vrier 2023, quand des agents de\u00a0<a href=\"http:\/\/www.lefigaro.fr\/actualite-france\/il-y-a-peut-etre-des-agents-un-peu-trop-zeles-mais-il-s-agit-d-une-minorite-cible-de-la-colere-des-paysans-l-ofb-tente-de-redorer-son-blason-20250504\" data-fig-type=\"Article\" data-gtm-custom-categorie=\"navigation\" data-gtm-custom-action=\"crossclick\" data-gtm-custom-label=\"Contextuel\" data-gtm-event=\"customEventSPE\" data-fig-domain=\"LEFIGARO\" target=\"_blank\" rel=\"noopener\">l\u2019Office fran\u00e7ais de la biodiversit\u00e9 (OFB)<\/a>, passant par hasard, avaient surpris un agent municipal en train de vider sa balayeuse au bord du fleuve. Les deux agents municipaux en charge de la propret\u00e9 dans cette commune de 1800 habitants avaient alors expliqu\u00e9 que la pratique \u00e9tait en vigueur depuis des ann\u00e9es. Pendant plus de dix ans, trois fois par semaine, le contenu de la balayeuse et les cendres de la chaufferie municipale \u00e9taient d\u00e9vers\u00e9s au bord du Var, au risque qu\u2019une grande partie soit emport\u00e9e par les eaux en cas de pluie ou de vent.<\/p>\n<p class=\"fig-paragraph\">Il s\u2019agissait pour l\u2019essentiel de feuilles mortes, terre et gravier, mais aussi r\u00e9guli\u00e8rement de m\u00e9gots et paquets de cigarettes, cannettes ou sachets de bonbons. Pendant plusieurs ann\u00e9es, des particuliers en ont profit\u00e9 pour abandonner \u00e9galement des d\u00e9chets sur le site, jusqu\u2019\u00e0 ce que la commune fasse des am\u00e9nagements en 2017, avec un panneau \u00abd\u00e9p\u00f4ts interdits\u00bb et une barri\u00e8re, tout en maintenant un espace pour permettre de vider la balayeuse.<\/p>\n<p class=\"fig-paragraph\">Selon Robert Velay, 72 ans, maire de Puget-Th\u00e9niers de 1995 \u00e0 2020, cette pratique aurait permis \u00e0 la commune d\u2019\u00e9conomiser 300.000 euros. \u00abMais ce n\u2019\u00e9tait pas des d\u00e9chets polluants\u00bb, avait-il insist\u00e9 lors de l\u2019audience. Son successeur Pierre Corporandy, 59 ans, longtemps premier adjoint, avait assur\u00e9 \u00eatre \u00abtomb\u00e9 des nues\u00bb lors de l\u2019ouverture de l\u2019enqu\u00eate. Maintenant, \u00abon d\u00e9charge, on trie et on retraite\u00bb, avait-il indiqu\u00e9 pendant les d\u00e9bats. Le parquet a dix jours pour faire appel.<\/p>\n","protected":false},"excerpt":{"rendered":"Six personnes, dont l\u2019ancien maire de Puget-Th\u00e9niers et des agents municipaux, \u00e9taient poursuivies pour avoir d\u00e9vers\u00e9 pendant des&hellip;\n","protected":false},"author":2,"featured_media":302465,"comment_status":"","ping_status":"","sticky":false,"template":"","format":"standard","meta":{"footnotes":""},"categories":[2819],"tags":[1111,11,3008,436,1777,674,1011,27,303,12,2401,882,25],"class_list":{"0":"post-302464","1":"post","2":"type-post","3":"status-publish","4":"format-standard","5":"has-post-thumbnail","7":"category-nice","8":"tag-actu","9":"tag-actualites","10":"tag-dechets","11":"tag-environnement","12":"tag-eu","13":"tag-europe","14":"tag-fr","15":"tag-france","16":"tag-justice","17":"tag-news","18":"tag-nice","19":"tag-provence-alpes-cote-dazur","20":"tag-republique-francaise"},"share_on_mastodon":{"url":"https:\/\/pubeurope.com\/@fr\/114986885027473015","error":""},"_links":{"self":[{"href":"https:\/\/www.europesays.com\/fr\/wp-json\/wp\/v2\/posts\/302464","targetHints":{"allow":["GET"]}}],"collection":[{"href":"https:\/\/www.europesays.com\/fr\/wp-json\/wp\/v2\/posts"}],"about":[{"href":"https:\/\/www.europesays.com\/fr\/wp-json\/wp\/v2\/types\/post"}],"author":[{"embeddable":true,"href":"https:\/\/www.europesays.com\/fr\/wp-json\/wp\/v2\/users\/2"}],"replies":[{"embeddable":true,"href":"https:\/\/www.europesays.com\/fr\/wp-json\/wp\/v2\/comments?post=302464"}],"version-history":[{"count":0,"href":"https:\/\/www.europesays.com\/fr\/wp-json\/wp\/v2\/posts\/302464\/revisions"}],"wp:featuredmedia":[{"embeddable":true,"href":"https:\/\/www.europesays.com\/fr\/wp-json\/wp\/v2\/media\/302465"}],"wp:attachment":[{"href":"https:\/\/www.europesays.com\/fr\/wp-json\/wp\/v2\/media?parent=302464"}],"wp:term":[{"taxonomy":"category","embeddable":true,"href":"https:\/\/www.europesays.com\/fr\/wp-json\/wp\/v2\/categories?post=302464"},{"taxonomy":"post_tag","embeddable":true,"href":"https:\/\/www.europesays.com\/fr\/wp-json\/wp\/v2\/tags?post=302464"}],"curies":[{"name":"wp","href":"https:\/\/api.w.org\/{rel}","templated":true}]}}