{"id":302468,"date":"2025-08-07T09:57:16","date_gmt":"2025-08-07T09:57:16","guid":{"rendered":"https:\/\/www.europesays.com\/fr\/302468\/"},"modified":"2025-08-07T09:57:16","modified_gmt":"2025-08-07T09:57:16","slug":"fc-nantes-mercato-un-renfort-surprise-pour-castro-les-supporters-vont-halluciner","status":"publish","type":"post","link":"https:\/\/www.europesays.com\/fr\/302468\/","title":{"rendered":"FC Nantes Mercato : un renfort surprise pour Castro, les supporters vont halluciner\u00a0!\u00a0"},"content":{"rendered":"<p><strong>Alors que son avenir semblait totalement bouch\u00e9, Fabien Centonze (29 ans) r\u00e9appara\u00eet dans le groupe professionnel du <a href=\"https:\/\/www.butfootballclub.fr\/612496-fc-nantes-lincroyable-boulette-de-luis-castro-au-mercato\/\" rel=\"noopener nofollow\" target=\"_blank\">FC Nantes<\/a>, au point de susciter la surprise\u2026 et m\u00eame un certain espoir pour les plans de Luis Castro.<\/strong><\/p>\n<p>\ud83d\udfe5<strong> Rumeur<\/strong><\/p>\n<p>Le feuilleton Fabien Centonze \u00e9tait cens\u00e9 s\u2019achever loin du <a href=\"https:\/\/www.butfootballclub.fr\/612734-fc-nantes-mercato-contretemps-pour-camara\/\" rel=\"noopener nofollow\" target=\"_blank\">FC Nantes<\/a>. Mis \u00e0 l\u2019\u00e9cart, min\u00e9 par des soucis physiques et des tensions internes, l\u2019ancien lat\u00e9ral messin avait quasiment disparu des radars. Et pourtant, surprise lors du stage de pr\u00e9paration : Centonze est bien l\u00e0, en tenue, ballon au pied. De quoi faire r\u00e9agir les observateurs proches du club, \u00e0 commencer par Emmanuel Merceron.<\/p>\n<p>Sur son compte X, le suiveur des Canaris n\u2019a pas cach\u00e9 son \u00e9tonnement : \u00ab J\u2019hallucine de voir Centonze sur les vid\u00e9os du stage, puis je me dis que si Castro arrivait \u00e0 le retaper mentalement et physiquement (oui y a beaucoup de boulot), pour qu\u2019il approche le niveau de son prime sous Antonetti ou celui de Juve-FCN, ce serait vraiment pas si mal. \u00bb<\/p>\n<p><strong>Centonze \u00e0 la relance ?<\/strong><\/p>\n<p>Et cette hypoth\u00e8se, aussi improbable soit-elle il y a quelques semaines, n\u2019a rien d\u2019absurde aujourd\u2019hui. Luis Castro, le nouveau coach du <a href=\"https:\/\/www.butfootballclub.fr\/612644-fc-nantes-mercato-un-ex-attaquant-des-canaris-snobe-un-enorme-pont-dor-en-arabie-saoudite\/\" rel=\"noopener nofollow\" target=\"_blank\">FC Nantes<\/a>, arrive avec un regard neuf et sans passif. Son approche, plus technique que punitive, pourrait offrir \u00e0 Centonze une chance de se relancer. \u00c0 29 ans, le joueur n\u2019est pas fini mais reste \u00e0 savoir si le joueur est pr\u00eat \u00e0 faire les efforts n\u00e9cessaires pour revenir \u00e0 un niveau comp\u00e9titif.\u00a0<\/p>\n<p>Car mentalement, Centonze tra\u00eene les s\u00e9quelles d\u2019une saison cauchemar. Et physiquement, le chantier s\u2019annonce colossal. Mais le FC Nantes, qui cherche encore \u00e0 se renforcer sur les c\u00f4t\u00e9s sans exploser son budget, pourrait y voir une carte \u00e0 jouer sans recruter.<\/p>\n<p>\u00ab\u00a0Le coup d\u2019\u0153il de But FC\u00a0\u00bb<\/p>\n<p>\u00ab\u00a0Un Fabien Centonze revanchard, motiv\u00e9 et encadr\u00e9 par un staff plus bienveillant que coercitif, pourrait bien \u00eatre le profil surprise de la saison au FC Nantes. \u00c0 condition, \u00e9videmment, qu\u2019il en ait vraiment envie. La balle est dans son camp.\u00a0\u00bb<\/p>\n","protected":false},"excerpt":{"rendered":"Alors que son avenir semblait totalement bouch\u00e9, Fabien Centonze (29 ans) r\u00e9appara\u00eet dans le groupe professionnel du FC&hellip;\n","protected":false},"author":2,"featured_media":250464,"comment_status":"","ping_status":"","sticky":false,"template":"","format":"standard","meta":{"footnotes":""},"categories":[2818],"tags":[1111,11,448,1777,674,63,1011,27,66,3388,766,12,2636,25,10662],"class_list":{"0":"post-302468","1":"post","2":"type-post","3":"status-publish","4":"format-standard","5":"has-post-thumbnail","7":"category-nantes","8":"tag-actu","9":"tag-actualites","10":"tag-champions-league","11":"tag-eu","12":"tag-europe","13":"tag-football","14":"tag-fr","15":"tag-france","16":"tag-ligue-1","17":"tag-matchs","18":"tag-nantes","19":"tag-news","20":"tag-pays-de-la-loire","21":"tag-republique-francaise","22":"tag-transferts"},"share_on_mastodon":{"url":"https:\/\/pubeurope.com\/@fr\/114986892888440360","error":""},"_links":{"self":[{"href":"https:\/\/www.europesays.com\/fr\/wp-json\/wp\/v2\/posts\/302468","targetHints":{"allow":["GET"]}}],"collection":[{"href":"https:\/\/www.europesays.com\/fr\/wp-json\/wp\/v2\/posts"}],"about":[{"href":"https:\/\/www.europesays.com\/fr\/wp-json\/wp\/v2\/types\/post"}],"author":[{"embeddable":true,"href":"https:\/\/www.europesays.com\/fr\/wp-json\/wp\/v2\/users\/2"}],"replies":[{"embeddable":true,"href":"https:\/\/www.europesays.com\/fr\/wp-json\/wp\/v2\/comments?post=302468"}],"version-history":[{"count":0,"href":"https:\/\/www.europesays.com\/fr\/wp-json\/wp\/v2\/posts\/302468\/revisions"}],"wp:featuredmedia":[{"embeddable":true,"href":"https:\/\/www.europesays.com\/fr\/wp-json\/wp\/v2\/media\/250464"}],"wp:attachment":[{"href":"https:\/\/www.europesays.com\/fr\/wp-json\/wp\/v2\/media?parent=302468"}],"wp:term":[{"taxonomy":"category","embeddable":true,"href":"https:\/\/www.europesays.com\/fr\/wp-json\/wp\/v2\/categories?post=302468"},{"taxonomy":"post_tag","embeddable":true,"href":"https:\/\/www.europesays.com\/fr\/wp-json\/wp\/v2\/tags?post=302468"}],"curies":[{"name":"wp","href":"https:\/\/api.w.org\/{rel}","templated":true}]}}