{"id":302471,"date":"2025-08-07T09:59:10","date_gmt":"2025-08-07T09:59:10","guid":{"rendered":"https:\/\/www.europesays.com\/fr\/302471\/"},"modified":"2025-08-07T09:59:10","modified_gmt":"2025-08-07T09:59:10","slug":"faute-de-climatisation-robuste-des-trains-entre-bordeaux-et-marseille-annules-a-cause-de-la-chaleur","status":"publish","type":"post","link":"https:\/\/www.europesays.com\/fr\/302471\/","title":{"rendered":"Faute de climatisation robuste, des trains entre Bordeaux et Marseille annul\u00e9s \u00e0 cause de la chaleur"},"content":{"rendered":"<p>Trois allers-retours entre Bordeaux et Marseille sont supprim\u00e9s entre ce jeudi et lundi 11 ao\u00fbt par la SNCF, qui craint des pannes de climatisation avec les retours des fortes chaleurs.<\/p>\n<p class=\"fig-paragraph\">\u00c0 l\u2019aube d\u2019un nouveau week-end de vacances et de chass\u00e9s-crois\u00e9s, la\u00a0<a href=\"http:\/\/www.lefigaro.fr\/conjoncture\/panne-electrique-sur-le-reseau-sncf-des-tgv-encore-supprimes-ce-mardi-matin-entre-paris-et-le-nord-20250805\" data-fig-type=\"NewsFlash\" data-gtm-custom-categorie=\"navigation\" data-gtm-custom-action=\"crossclick\" data-gtm-custom-label=\"Contextuel\" data-gtm-event=\"customEventSPE\" data-fig-domain=\"LEFIGARO\" target=\"_blank\" rel=\"noopener\">SNCF\u00a0<\/a>prend une d\u00e9cision radicale. Entre ce jeudi et lundi, trois allers-retours de la ligne\u00a0<a href=\"http:\/\/www.lefigaro.fr\/voyages\/j-ai-fini-le-trajet-en-taxi-paris-clermont-paris-briancon-pourquoi-autant-de-galeres-avec-les-intercites-20250208\" data-fig-type=\"Article\" data-gtm-custom-categorie=\"navigation\" data-gtm-custom-action=\"crossclick\" data-gtm-custom-label=\"Contextuel\" data-gtm-event=\"customEventSPE\" data-fig-domain=\"LEFIGARO\" target=\"_blank\" rel=\"noopener\">Intercit\u00e9s\u00a0<\/a>entre Bordeaux, Toulouse et Marseille se retrouvent annul\u00e9s \u00e0 cause des \u00ab<a href=\"http:\/\/www.lefigaro.fr\/meteo\/canicule-vigilance-orange-dans-cinq-departements-du-sud-ouest-et-du-centre-est-20250807\" data-fig-type=\"NewsFlash\" data-gtm-custom-categorie=\"navigation\" data-gtm-custom-action=\"crossclick\" data-gtm-custom-label=\"Contextuel\" data-gtm-event=\"customEventSPE\" data-fig-domain=\"LEFIGARO\" target=\"_blank\" rel=\"noopener\">tr\u00e8s fortes chaleurs<\/a> \u00a0pr\u00e9vues dans les jours \u00e0 venir dans le sud du pays\u00bb, annonce la compagnie ferroviaire fran\u00e7aise.<\/p>\n<p class=\"fig-paragraph\">\u00abCette mesure vise \u00e0 pr\u00e9venir les pannes potentielles de climatisation li\u00e9es aux tr\u00e8s hautes temp\u00e9ratures, indique un porte-parole de la SNCF au Figaro. Le fonctionnement des climatisations des voitures Corail a bien s\u00fbr \u00e9t\u00e9 v\u00e9rifi\u00e9 sur 100% des trains de la p\u00e9riode estivale et elles font l\u2019objet d\u2019un entretien r\u00e9gulier. Cependant, leur conception ancienne ne leur assure pas la m\u00eame robustesse que celles des trains plus r\u00e9cents dans certaines conditions m\u00e9t\u00e9orologiques comme celles rencontr\u00e9es \u00e0 partir d\u2019aujourd\u2019hui.\u00bb<\/p>\n<p>                                    <a class=\"fig-a11y-skip a11y-hidden\" href=\"#fig-a11y-skip-main-inarticle\"><br \/>\n        Passer la publicit\u00e9<br \/>\n    <\/a><\/p>\n<p>De nouveaux trains en 2027<\/p>\n<p class=\"fig-paragraph\">Les trains concern\u00e9s sont des \u00abtrains de mi-journ\u00e9e\u00bb, \u00aben tenant compte au cas par cas des pr\u00e9visions de temp\u00e9rature sur les territoires desservis par chacune des lignes.\u00bb La SNCF assure que \u00abtous les clients concern\u00e9s sont recontact\u00e9s depuis le d\u00e9but de la semaine afin de leur permettre la r\u00e9organisation de leur voyage avec le maximum d\u2019anticipation possible\u00bb. \u00abL\u2019ensemble des clients concern\u00e9s b\u00e9n\u00e9ficient de l\u2019\u00e9change ou du remboursement sans frais de leurs billets\u00bb, affirme la compagnie ferroviaire.<\/p>\n<p class=\"fig-paragraph\">En 2023, l\u2019\u00c9tat avait annonc\u00e9 investir 450 millions d\u2019euros dans l\u2019achat d\u2019une vingtaine de nouveaux trains pour remplacer les vieux Corail sur la ligne entre Bordeaux et Marseille, avec une livraison pr\u00e9vue d\u00e9but 2027.<\/p>\n","protected":false},"excerpt":{"rendered":"Trois allers-retours entre Bordeaux et Marseille sont supprim\u00e9s entre ce jeudi et lundi 11 ao\u00fbt par la SNCF,&hellip;\n","protected":false},"author":2,"featured_media":302472,"comment_status":"","ping_status":"","sticky":false,"template":"","format":"standard","meta":{"footnotes":""},"categories":[2817],"tags":[1111,11,31373,1997,13208,1777,674,1011,27,44266,12,2219,25,2215,2312],"class_list":{"0":"post-302471","1":"post","2":"type-post","3":"status-publish","4":"format-standard","5":"has-post-thumbnail","7":"category-bordeaux","8":"tag-actu","9":"tag-actualites","10":"tag-annulation","11":"tag-bordeaux","12":"tag-chaleur","13":"tag-eu","14":"tag-europe","15":"tag-fr","16":"tag-france","17":"tag-intercites","18":"tag-news","19":"tag-nouvelle-aquitaine","20":"tag-republique-francaise","21":"tag-sncf","22":"tag-toulouse"},"share_on_mastodon":{"url":"https:\/\/pubeurope.com\/@fr\/114986900836824956","error":""},"_links":{"self":[{"href":"https:\/\/www.europesays.com\/fr\/wp-json\/wp\/v2\/posts\/302471","targetHints":{"allow":["GET"]}}],"collection":[{"href":"https:\/\/www.europesays.com\/fr\/wp-json\/wp\/v2\/posts"}],"about":[{"href":"https:\/\/www.europesays.com\/fr\/wp-json\/wp\/v2\/types\/post"}],"author":[{"embeddable":true,"href":"https:\/\/www.europesays.com\/fr\/wp-json\/wp\/v2\/users\/2"}],"replies":[{"embeddable":true,"href":"https:\/\/www.europesays.com\/fr\/wp-json\/wp\/v2\/comments?post=302471"}],"version-history":[{"count":0,"href":"https:\/\/www.europesays.com\/fr\/wp-json\/wp\/v2\/posts\/302471\/revisions"}],"wp:featuredmedia":[{"embeddable":true,"href":"https:\/\/www.europesays.com\/fr\/wp-json\/wp\/v2\/media\/302472"}],"wp:attachment":[{"href":"https:\/\/www.europesays.com\/fr\/wp-json\/wp\/v2\/media?parent=302471"}],"wp:term":[{"taxonomy":"category","embeddable":true,"href":"https:\/\/www.europesays.com\/fr\/wp-json\/wp\/v2\/categories?post=302471"},{"taxonomy":"post_tag","embeddable":true,"href":"https:\/\/www.europesays.com\/fr\/wp-json\/wp\/v2\/tags?post=302471"}],"curies":[{"name":"wp","href":"https:\/\/api.w.org\/{rel}","templated":true}]}}