{"id":302475,"date":"2025-08-07T10:01:12","date_gmt":"2025-08-07T10:01:12","guid":{"rendered":"https:\/\/www.europesays.com\/fr\/302475\/"},"modified":"2025-08-07T10:01:12","modified_gmt":"2025-08-07T10:01:12","slug":"un-enfant-de-4-ans-retrouve-seul-dans-la-rue-son-pere-faisait-la-sieste-a-la-maison","status":"publish","type":"post","link":"https:\/\/www.europesays.com\/fr\/302475\/","title":{"rendered":"Un enfant de 4 ans retrouv\u00e9 seul dans la rue, son p\u00e8re faisait la sieste \u00e0 la maison"},"content":{"rendered":"<p><strong>seul au monde &#8211; Lundi, un chauffeur de bus a appel\u00e9 la police apr\u00e8s avoir aper\u00e7u un enfant de 4 ans en train de marcher seul dans la rue \u00e0 Toulouse (Haute-Garonne). Son p\u00e8re, qui faisait une sieste chez lui, a \u00e9t\u00e9 plac\u00e9 en garde \u00e0 vue<\/strong><\/p>\n<p>Un <a href=\"https:\/\/www.20minutes.fr\/dossier\/enfant?at_medium=RSS%20feed&amp;at_campaign=ynews&amp;utm_source=yahoo&amp;utm_medium=rss&amp;utm_campaign=news_feed&amp;utm_content=in_article_link\" rel=\"nofollow noopener\" target=\"_blank\" data-ylk=\"slk:enfant;elm:context_link;itc:0;sec:content-canvas\" class=\"link \">enfant<\/a> \u00e2g\u00e9 de 4 ans a \u00e9t\u00e9 retrouv\u00e9 tout seul dans la rue \u00e0 Toulouse (<a href=\"https:\/\/www.20minutes.fr\/dossier\/haute-garonne?at_medium=RSS%20feed&amp;at_campaign=ynews&amp;utm_source=yahoo&amp;utm_medium=rss&amp;utm_campaign=news_feed&amp;utm_content=in_article_link\" rel=\"nofollow noopener\" target=\"_blank\" data-ylk=\"slk:Haute-Garonne;elm:context_link;itc:0;sec:content-canvas\" class=\"link \">Haute-Garonne<\/a>) lundi en fin d\u2019apr\u00e8s-midi. Comme le racontent nos confr\u00e8res de <a href=\"https:\/\/www.ladepeche.fr\/2025\/08\/05\/un-enfant-de-4-ans-retrouve-seul-sur-un-trottoir-son-pere-place-en-garde-a-vue-12860994.php?at_medium=RSS%20feed&amp;at_campaign=ynews&amp;utm_source=yahoo&amp;utm_medium=rss&amp;utm_campaign=news_feed&amp;utm_content=in_article_link\" rel=\"nofollow noopener\" target=\"_blank\" data-ylk=\"slk:La D\u00e9p\u00eache du Midi;elm:context_link;itc:0;sec:content-canvas\" class=\"link \">La D\u00e9p\u00eache du Midi<\/a>, c\u2019est un chauffeur de <a href=\"https:\/\/www.20minutes.fr\/dossier\/bus?at_medium=RSS%20feed&amp;at_campaign=ynews&amp;utm_source=yahoo&amp;utm_medium=rss&amp;utm_campaign=news_feed&amp;utm_content=in_article_link\" rel=\"nofollow noopener\" target=\"_blank\" data-ylk=\"slk:bus;elm:context_link;itc:0;sec:content-canvas\" class=\"link \">bus <\/a>qui a rep\u00e9r\u00e9 le gar\u00e7on. Il marchait alors le long d\u2019un trottoir, sans aucun adulte \u00e0 proximit\u00e9.\u00a0\u00c0 la fois surpris et inquiet, le conducteur s\u2019est arr\u00eat\u00e9, l\u2019a fait monter \u00e0 bord et a alert\u00e9 la <a href=\"https:\/\/www.20minutes.fr\/dossier\/police?at_medium=RSS%20feed&amp;at_campaign=ynews&amp;utm_source=yahoo&amp;utm_medium=rss&amp;utm_campaign=news_feed&amp;utm_content=in_article_link\" rel=\"nofollow noopener\" target=\"_blank\" data-ylk=\"slk:police;elm:context_link;itc:0;sec:content-canvas\" class=\"link \">police<\/a>.<\/p>\n<p>Une \u00e9quipe de la brigade anticriminalit\u00e9 (BAC) est rapidement arriv\u00e9e sur place. Les agents ont pris en charge l\u2019enfant puis ont commenc\u00e9 \u00e0 interroger le voisinage. Eux aussi surpris par la sc\u00e8ne, des habitants leur ont fourni des informations et quelques minutes plus tard, les policiers sont parvenus \u00e0 identifier le domicile du p\u00e8re du gar\u00e7on.<\/p>\n<p>Le gar\u00e7on a \u00e9t\u00e9 confi\u00e9 \u00e0 sa grand-m\u00e8re maternelle<\/p>\n<p>Selon le quotidien r\u00e9gional, le p\u00e8re de famille a expliqu\u00e9 avoir fait une sieste chez lui. \u00c0 son r\u00e9veil, il s\u2019est rendu compte que son fils avait disparu. L\u2019homme a \u00e9t\u00e9 plac\u00e9 en garde \u00e0 vue pour d\u00e9laissement de mineur et une enqu\u00eate a \u00e9t\u00e9 ouverte pour d\u00e9terminer les circonstances pr\u00e9cises des faits. L\u2019enfant, lui, a \u00e9t\u00e9 remis \u00e0 sa grand-m\u00e8re maternelle.<\/p>\n<p>\u00ab\u00a0Le d\u00e9laissement d\u2019un mineur de quinze ans en un lieu quelconque est puni de sept ans d\u2019emprisonnement et de 100.000\u00a0euros d\u2019amende, sauf si les circonstances du d\u00e9laissement ont permis d\u2019assurer la sant\u00e9 et la s\u00e9curit\u00e9 de celui-ci\u00a0\u00bb, indique <a href=\"https:\/\/www.legifrance.gouv.fr\/codes\/section_lc\/LEGITEXT000006070719\/LEGISCTA000006149832\/?at_medium=RSS%20feed&amp;at_campaign=ynews&amp;utm_source=yahoo&amp;utm_medium=rss&amp;utm_campaign=news_feed&amp;utm_content=in_article_link\" rel=\"nofollow noopener\" target=\"_blank\" data-ylk=\"slk:l\u2019article\u00a0227-1\u00a0du Code p\u00e9nal;elm:context_link;itc:0;sec:content-canvas\" class=\"link \">l\u2019article\u00a0227-1\u00a0du Code p\u00e9nal<\/a>.<\/p>\n<p><a href=\"https:\/\/www.20minutes.fr\/faits_divers\/4167016-20250807-toulouse-enfant-4-ans-retrouve-seul-rue-pere-faisait-sieste-maison?at_medium=RSS%20feed&amp;at_campaign=ynews&amp;utm_source=yahoo&amp;utm_medium=rss&amp;utm_campaign=news_feed&amp;utm_content=read_more_link&quot;\" rel=\"nofollow noopener\" target=\"_blank\" data-ylk=\"slk:Lire la suite sur 20minutes;elm:context_link;itc:0;sec:content-canvas\" class=\"link \">Lire la suite sur 20minutes<\/a><\/p>\n<p>\u00c0 lire aussi :<br \/><a href=\"https:\/\/www.20minutes.fr\/faits_divers\/4166862-20250806-tarbes-enquete-ouverte-meurtre-viol-apres-decouverte-corps-femme-58-ans?at_medium=RSS%20feed&amp;at_campaign=ynews&amp;utm_source=yahoo&amp;utm_medium=rss&amp;utm_campaign=news_feed&amp;utm_content=related_content_link\" rel=\"nofollow noopener\" target=\"_blank\" data-ylk=\"slk:Tarbes\u00a0: Une enqu\u00eate ouverte pour \u00ab\u00a0meurtre et viol\u00a0\u00bb apr\u00e8s la d\u00e9couverte du corps d\u2019une femme de 58 ans;elm:context_link;itc:0;sec:content-canvas\" class=\"link \">Tarbes\u00a0: Une enqu\u00eate ouverte pour \u00ab\u00a0meurtre et viol\u00a0\u00bb apr\u00e8s la d\u00e9couverte du corps d\u2019une femme de 58 ans<\/a><br \/><a href=\"https:\/\/www.20minutes.fr\/societe\/4166561-20250804-sncf-ligne-paris-orleans-limoges-toulouse-plus-aucun-train-circule-journee-cause-importants-travaux?at_medium=RSS%20feed&amp;at_campaign=ynews&amp;utm_source=yahoo&amp;utm_medium=rss&amp;utm_campaign=news_feed&amp;utm_content=related_content_link\" rel=\"nofollow noopener\" target=\"_blank\" data-ylk=\"slk:SNCF\u00a0: Sur la ligne Paris-Orl\u00e9ans-Limoges-Toulouse, plus aucun train ne circule en journ\u00e9e \u00e0 cause d\u2019importants travaux;elm:context_link;itc:0;sec:content-canvas\" class=\"link \">SNCF\u00a0: Sur la ligne Paris-Orl\u00e9ans-Limoges-Toulouse, plus aucun train ne circule en journ\u00e9e \u00e0 cause d\u2019importants travaux<\/a><\/p>\n","protected":false},"excerpt":{"rendered":"seul au monde &#8211; Lundi, un chauffeur de bus a appel\u00e9 la police apr\u00e8s avoir aper\u00e7u un enfant&hellip;\n","protected":false},"author":2,"featured_media":302476,"comment_status":"","ping_status":"","sticky":false,"template":"","format":"standard","meta":{"footnotes":""},"categories":[2816],"tags":[1111,11,1764,847,1777,674,1011,27,3372,31940,12,2680,25,44267,2312],"class_list":{"0":"post-302475","1":"post","2":"type-post","3":"status-publish","4":"format-standard","5":"has-post-thumbnail","7":"category-toulouse","8":"tag-actu","9":"tag-actualites","10":"tag-ans","11":"tag-enfant","12":"tag-eu","13":"tag-europe","14":"tag-fr","15":"tag-france","16":"tag-lenfant","17":"tag-la-depeche-du-midi","18":"tag-news","19":"tag-occitanie","20":"tag-republique-francaise","21":"tag-seul-au-monde","22":"tag-toulouse"},"share_on_mastodon":{"url":"https:\/\/pubeurope.com\/@fr\/114986908627162362","error":""},"_links":{"self":[{"href":"https:\/\/www.europesays.com\/fr\/wp-json\/wp\/v2\/posts\/302475","targetHints":{"allow":["GET"]}}],"collection":[{"href":"https:\/\/www.europesays.com\/fr\/wp-json\/wp\/v2\/posts"}],"about":[{"href":"https:\/\/www.europesays.com\/fr\/wp-json\/wp\/v2\/types\/post"}],"author":[{"embeddable":true,"href":"https:\/\/www.europesays.com\/fr\/wp-json\/wp\/v2\/users\/2"}],"replies":[{"embeddable":true,"href":"https:\/\/www.europesays.com\/fr\/wp-json\/wp\/v2\/comments?post=302475"}],"version-history":[{"count":0,"href":"https:\/\/www.europesays.com\/fr\/wp-json\/wp\/v2\/posts\/302475\/revisions"}],"wp:featuredmedia":[{"embeddable":true,"href":"https:\/\/www.europesays.com\/fr\/wp-json\/wp\/v2\/media\/302476"}],"wp:attachment":[{"href":"https:\/\/www.europesays.com\/fr\/wp-json\/wp\/v2\/media?parent=302475"}],"wp:term":[{"taxonomy":"category","embeddable":true,"href":"https:\/\/www.europesays.com\/fr\/wp-json\/wp\/v2\/categories?post=302475"},{"taxonomy":"post_tag","embeddable":true,"href":"https:\/\/www.europesays.com\/fr\/wp-json\/wp\/v2\/tags?post=302475"}],"curies":[{"name":"wp","href":"https:\/\/api.w.org\/{rel}","templated":true}]}}