{"id":302480,"date":"2025-08-07T10:03:11","date_gmt":"2025-08-07T10:03:11","guid":{"rendered":"https:\/\/www.europesays.com\/fr\/302480\/"},"modified":"2025-08-07T10:03:11","modified_gmt":"2025-08-07T10:03:11","slug":"mercato-majorque-etudie-la-meilleure-option-pour-greif","status":"publish","type":"post","link":"https:\/\/www.europesays.com\/fr\/302480\/","title":{"rendered":"Mercato : Majorque \u00ab\u00a0\u00e9tudie la meilleure option\u00a0\u00bb pour Greif"},"content":{"rendered":"<p>                            <img width=\"770\" height=\"433\" src=\"https:\/\/www.europesays.com\/fr\/wp-content\/uploads\/2025\/08\/AFP__20250110__bretonhernandez-realmadr250109_npHZ0__v1__HighRes__RealMadridVRcdMall-770x433.jpg\" class=\"attachment-article size-article wp-post-image\" alt=\"Dominik Greif, gardien de Majorque\" decoding=\"async\" fetchpriority=\"high\"  \/><\/p>\n<p>Dominik Greif, gardien de Majorque (Photo by Jose Breton \/ NurPhoto via AFP)<\/p>\n<p>Alfonso D\u00edaz, pr\u00e9sident de Majorque, a confirm\u00e9 que le club veut trouver la meilleure solution pour Dominik Greif, dans le viseur de l&rsquo;OL et de Lille.<\/p>\n<p>Le gardien slovaque <a href=\"https:\/\/www.olympique-et-lyonnais.com\/dominik-greif-aurait-manque-lentrainement-sur-blessure,374557.html\" target=\"_blank\" rel=\"noopener\">Dominik Greif <\/a>est au centre des n\u00e9gociations entre l\u2019<strong>Olympique lyonnais<\/strong> et <strong>Lille<\/strong>. Il souhaite <strong>quitter <\/strong>Majorque cet \u00e9t\u00e9. Le club des Bal\u00e9ares ne bloque pas son d\u00e9part, notamment apr\u00e8s avoir recrut\u00e9 <strong>Bergstr\u00f6m<\/strong> en provenance de <strong>Chelsea<\/strong>.<strong> <\/strong>Apr\u00e8s l&rsquo;amical du club majorquin mercredi,<strong> Alfonso D\u00edaz<\/strong>, pr\u00e9sident de Majorque, s&rsquo;est pench\u00e9 sur la situation du portier, absent pour une blessure : \u00ab\u00a0Les diff\u00e9rentes options sont \u00e0 l\u2019\u00e9tude et nous verrons quelle est la meilleure solution, a-t-il d\u00e9clar\u00e9 dans des propos rapport\u00e9s par Marca. Nous voulons que l\u2019\u00e9quipe soit au complet le plus rapidement possible.\u00a0\u00bb<\/p>\n<p>Les n\u00e9gociations se poursuivent <\/p>\n<p>Dominik Greif a donn\u00e9 son accord pour rejoindre l\u2019Olympique lyonnais, avec qui il s&rsquo;engagerait sur cinq ans. Cependant, Majorque attend une meilleure offre pour le laisser partir. Le LOSC, ayant formul\u00e9 une offre sup\u00e9rieure \u00e0 celle des Gones, anticipe le d\u00e9part de son gardien <strong>Lucas Chevalier <\/strong>qui devrait quitter le club nordiste cet \u00e9t\u00e9. Mais selon L\u2019\u00c9quipe, Greif refuse Lille et privil\u00e9gie clairement le club rhodanien. Malgr\u00e9 cela, Majorque r\u00e9clame environ <strong>six millions d\u2019euros<\/strong>, alors que l\u2019OL aurait r\u00e9cemment revu <a href=\"https:\/\/www.olympique-et-lyonnais.com\/mercato-une-troisieme-offre-de-lol-pour-greif,374677.html\" target=\"_blank\" rel=\"noopener\">son int\u00e9r\u00eat \u00e0 la hausse<\/a>. Avec deux formations en concurrence, le club espagnol fait donc durer les n\u00e9gociations.<\/p>\n<p>\t\t\t\t\t<a href=\"https:\/\/www.olympique-et-lyonnais.com\/mercato-savarino-botafogo-confirme-quil-aurait-pu-rejoindre-lol,374706.html\" title=\"Mercato : Savarino (Botafogo) confirme qu\u2019il aurait pu rejoindre l\u2019OL\" target=\"_blank\" rel=\"noopener\"><img loading=\"lazy\" width=\"580\" height=\"326\" src=\"https:\/\/www.europesays.com\/fr\/wp-content\/uploads\/2025\/08\/AFP__20241024__36KN7E6__v1__HighRes__FblLibertadoresBotafogoPenarol-scaled-aspect-ratio-512-320.jpg-.webp\" class=\"attachment-actularge size-actularge wp-post-image\" alt=\"Savarino, attaquant de Botafogo\" decoding=\"async\"  \/>\t\t\t\t\t<\/a><\/p>\n","protected":false},"excerpt":{"rendered":"Dominik Greif, gardien de Majorque (Photo by Jose Breton \/ NurPhoto via AFP) Alfonso D\u00edaz, pr\u00e9sident de Majorque,&hellip;\n","protected":false},"author":2,"featured_media":302481,"comment_status":"","ping_status":"","sticky":false,"template":"","format":"standard","meta":{"footnotes":""},"categories":[2815],"tags":[1111,11,43602,1777,674,1011,27,811,1307,1434,12,241,978,25],"class_list":{"0":"post-302480","1":"post","2":"type-post","3":"status-publish","4":"format-standard","5":"has-post-thumbnail","7":"category-lille","8":"tag-actu","9":"tag-actualites","10":"tag-dominik-greif","11":"tag-eu","12":"tag-europe","13":"tag-fr","14":"tag-france","15":"tag-hauts-de-france","16":"tag-lille","17":"tag-mercato","18":"tag-news","19":"tag-ol","20":"tag-olympique-lyonnais","21":"tag-republique-francaise"},"share_on_mastodon":{"url":"https:\/\/pubeurope.com\/@fr\/114986916728104302","error":""},"_links":{"self":[{"href":"https:\/\/www.europesays.com\/fr\/wp-json\/wp\/v2\/posts\/302480","targetHints":{"allow":["GET"]}}],"collection":[{"href":"https:\/\/www.europesays.com\/fr\/wp-json\/wp\/v2\/posts"}],"about":[{"href":"https:\/\/www.europesays.com\/fr\/wp-json\/wp\/v2\/types\/post"}],"author":[{"embeddable":true,"href":"https:\/\/www.europesays.com\/fr\/wp-json\/wp\/v2\/users\/2"}],"replies":[{"embeddable":true,"href":"https:\/\/www.europesays.com\/fr\/wp-json\/wp\/v2\/comments?post=302480"}],"version-history":[{"count":0,"href":"https:\/\/www.europesays.com\/fr\/wp-json\/wp\/v2\/posts\/302480\/revisions"}],"wp:featuredmedia":[{"embeddable":true,"href":"https:\/\/www.europesays.com\/fr\/wp-json\/wp\/v2\/media\/302481"}],"wp:attachment":[{"href":"https:\/\/www.europesays.com\/fr\/wp-json\/wp\/v2\/media?parent=302480"}],"wp:term":[{"taxonomy":"category","embeddable":true,"href":"https:\/\/www.europesays.com\/fr\/wp-json\/wp\/v2\/categories?post=302480"},{"taxonomy":"post_tag","embeddable":true,"href":"https:\/\/www.europesays.com\/fr\/wp-json\/wp\/v2\/tags?post=302480"}],"curies":[{"name":"wp","href":"https:\/\/api.w.org\/{rel}","templated":true}]}}