{"id":302482,"date":"2025-08-07T10:04:10","date_gmt":"2025-08-07T10:04:10","guid":{"rendered":"https:\/\/www.europesays.com\/fr\/302482\/"},"modified":"2025-08-07T10:04:10","modified_gmt":"2025-08-07T10:04:10","slug":"marseille-un-incendie-se-declare-dans-un-appartement-squatte-des-logements-evacues","status":"publish","type":"post","link":"https:\/\/www.europesays.com\/fr\/302482\/","title":{"rendered":"Marseille. Un incendie se d\u00e9clare dans un appartement squatt\u00e9, des logements \u00e9vacu\u00e9s"},"content":{"rendered":"<p>            Par<br \/>\n        <strong><br \/>\n            <a href=\"https:\/\/actu.fr\/auteur\/redaction-marseille\" title=\"Consulter tous les articles de R\u00e9daction Marseille\" target=\"_blank\" rel=\"noopener\">R\u00e9daction Marseille<\/a><br \/>\n        <\/strong><\/p>\n<p>        Publi\u00e9 le<\/p>\n<p>            7 ao\u00fbt 2025 \u00e0 11h10        <\/p>\n<p>Un incendie a ravag\u00e9 un appartement de la <strong>r\u00e9sidence Consolat,<\/strong> dans le 15e arrondissement de <a href=\"https:\/\/actu.fr\/marseille\/\" target=\"_blank\" rel=\"noopener\">Marseille<\/a>, ce mercredi 6\u00a0ao\u00fbt 2025, apprend-on des <a href=\"https:\/\/actu.fr\/tag\/marin-pompier\" target=\"_blank\" rel=\"noopener\">marins-pompiers.<\/a><\/p>\n<p>    <a href=\"https:\/\/www.google.com\/maps\/embed?pb=!1m18!1m12!1m3!1d6256.173585749702!2d5.345547870598016!3d43.34745347755304!2m3!1f0!2f0!3f0!3m2!1i1024!2i768!4f13.1!3m3!1m2!1s0x12c9c1cdd058e191%3A0x5b88a95441a58b6a!2sR%C3%A9s%20Consolat%2C%2013015%20Marseille!5e1!3m2!1sfr!2sfr!4v1754556691502!5m2!1sfr!2sfr\" title=\"Ouvrie le lien\" target=\"_blank\" rel=\"noopener\">Cliquez ici pour visualiser le contenu<\/a><\/p>\n<p class=\" wall-content\">Le logement touch\u00e9 par les flammes \u00e9tait un squat.<\/p>\n<p class=\" wall-content\">Les secours ont d\u00fb proc\u00e9der \u00e0 des \u00e9vacuations.<\/p>\n<p>\u00ab\u2009Parti d\u2019une chambre\u2009\u00bb<\/p>\n<p class=\" wall-content\">L\u2019alerte a \u00e9t\u00e9 d\u00e9clench\u00e9e <strong>vers 15h<\/strong> ce mercredi 6\u00a0ao\u00fbt 2025.<\/p>\n<p class=\" wall-content\">Un incendie vient de se d\u00e9clarer dans un appartement, <strong>visiblement squatt\u00e9,<\/strong> d\u2019un des immeubles de la r\u00e9sidence Consolat, en bordure du parc S\u00e9on. \u00ab\u2009Le feu est parti d\u2019une chambre\u2009\u00bb, pr\u00e9cisent les marins-pompiers \u00e0 actu Marseille.<\/p>\n<p>Une quinzaine d\u2019\u00e9vacuations<\/p>\n<p class=\" wall-content\">Ils sont intervenus au 10e \u00e9tage de l\u2019\u00e9difice qui en compte 15, dans cette cit\u00e9 des quartiers Nord de Marseille qui est <strong>r\u00e9guli\u00e8rement <a href=\"https:\/\/actu.fr\/provence-alpes-cote-d-azur\/marseille_13055\/marseille-leurs-familles-mortes-d-inquietude-ils-etaient-sequestres-dans-une-cite_62624072.html\" target=\"_blank\" rel=\"noopener\">le th\u00e9\u00e2tre de faits divers.<\/a><\/strong><\/p>\n<p class=\" wall-content\">Le feu a pu \u00eatre <strong>\u00e9teint sans faire de victime<\/strong> mais une quinzaine de r\u00e9sidents a d\u00fb \u00eatre \u00e9vacu\u00e9e par pr\u00e9caution, indiquent \u00e9galement les secours.<\/p>\n<p class=\" wall-content\">Suivez toute l\u2019actualit\u00e9 de vos villes et m\u00e9dias favoris en vous inscrivant \u00e0 <a href=\"https:\/\/moncompte.actu.fr\" title=\"D\u00e9couvez Mon Actu\" rel=\"nofollow noopener\" data-trk=\"{&quot;cta&quot;:{&quot;action&quot;:&quot;https:\\\/\\\/moncompte.actu.fr&quot;,&quot;category&quot;:&quot;mon compte&quot;,&quot;from&quot;:&quot;article footer&quot;,&quot;name&quot;:&quot;Mon actu&quot;,&quot;type&quot;:&quot;cta&quot;}}\" target=\"_blank\">Mon Actu<\/a>.<\/p>\n","protected":false},"excerpt":{"rendered":"Par R\u00e9daction Marseille Publi\u00e9 le 7 ao\u00fbt 2025 \u00e0 11h10 Un incendie a ravag\u00e9 un appartement de la&hellip;\n","protected":false},"author":2,"featured_media":210388,"comment_status":"","ping_status":"","sticky":false,"template":"","format":"standard","meta":{"footnotes":""},"categories":[2814],"tags":[1111,11,1777,674,118,1011,27,1310,17289,884,12,882,10782,25],"class_list":{"0":"post-302482","1":"post","2":"type-post","3":"status-publish","4":"format-standard","5":"has-post-thumbnail","7":"category-marseille","8":"tag-actu","9":"tag-actualites","10":"tag-eu","11":"tag-europe","12":"tag-faits-divers","13":"tag-fr","14":"tag-france","15":"tag-incendie","16":"tag-marin-pompier","17":"tag-marseille","18":"tag-news","19":"tag-provence-alpes-cote-dazur","20":"tag-quartiers-nord","21":"tag-republique-francaise"},"share_on_mastodon":{"url":"https:\/\/pubeurope.com\/@fr\/114986920477677936","error":""},"_links":{"self":[{"href":"https:\/\/www.europesays.com\/fr\/wp-json\/wp\/v2\/posts\/302482","targetHints":{"allow":["GET"]}}],"collection":[{"href":"https:\/\/www.europesays.com\/fr\/wp-json\/wp\/v2\/posts"}],"about":[{"href":"https:\/\/www.europesays.com\/fr\/wp-json\/wp\/v2\/types\/post"}],"author":[{"embeddable":true,"href":"https:\/\/www.europesays.com\/fr\/wp-json\/wp\/v2\/users\/2"}],"replies":[{"embeddable":true,"href":"https:\/\/www.europesays.com\/fr\/wp-json\/wp\/v2\/comments?post=302482"}],"version-history":[{"count":0,"href":"https:\/\/www.europesays.com\/fr\/wp-json\/wp\/v2\/posts\/302482\/revisions"}],"wp:featuredmedia":[{"embeddable":true,"href":"https:\/\/www.europesays.com\/fr\/wp-json\/wp\/v2\/media\/210388"}],"wp:attachment":[{"href":"https:\/\/www.europesays.com\/fr\/wp-json\/wp\/v2\/media?parent=302482"}],"wp:term":[{"taxonomy":"category","embeddable":true,"href":"https:\/\/www.europesays.com\/fr\/wp-json\/wp\/v2\/categories?post=302482"},{"taxonomy":"post_tag","embeddable":true,"href":"https:\/\/www.europesays.com\/fr\/wp-json\/wp\/v2\/tags?post=302482"}],"curies":[{"name":"wp","href":"https:\/\/api.w.org\/{rel}","templated":true}]}}