{"id":302485,"date":"2025-08-07T10:06:38","date_gmt":"2025-08-07T10:06:38","guid":{"rendered":"https:\/\/www.europesays.com\/fr\/302485\/"},"modified":"2025-08-07T10:06:38","modified_gmt":"2025-08-07T10:06:38","slug":"lyon-entre-bateaux-vides-et-succes-le-week-end-la-navette-fluviale-tcl-est-elle-utile","status":"publish","type":"post","link":"https:\/\/www.europesays.com\/fr\/302485\/","title":{"rendered":"Lyon. Entre bateaux vides et succ\u00e8s le week-end, la navette fluviale TCL est-elle utile\u00a0?"},"content":{"rendered":"<p>            Par<br \/>\n        <strong><br \/>\n            <a href=\"https:\/\/actu.fr\/auteur\/emma-ressegaire\" title=\"Consulter tous les articles de Emma Ressegaire\" target=\"_blank\" rel=\"noopener\">Emma Ressegaire<\/a><br \/>\n        <\/strong><\/p>\n<p>        Publi\u00e9 le<\/p>\n<p>            7 ao\u00fbt 2025 \u00e0 11h45        <\/p>\n<p>Le mardi 5 ao\u00fbt dernier, Sytral Mobilit\u00e9s s\u2019est vant\u00e9 d\u2019avoir pass\u00e9 la barre des <strong>50 000 voyageurs<\/strong> sur ses navettes fluviales mises en place le 18 juin dernier \u00e0 <a href=\"https:\/\/actu.fr\/auvergne-rhone-alpes\/lyon_69123\" target=\"_blank\" rel=\"noopener\">Lyon<\/a>. Un beau chiffre, en apparence, pour <a href=\"https:\/\/actu.fr\/auvergne-rhone-alpes\/lyon_69123\/lyon-des-bateaux-tcl-sur-la-saone-on-a-teste-les-navettes-en-avant-premiere_61228736.html\" target=\"_blank\" rel=\"noopener\">cette nouvelle ligne TCL<\/a> au moyen de transport unique dans la ville lyonnaise.\u00a0Depuis plus d\u2019un mois, les bateaux effectuent des <strong>allers-retours entre Confluence et Vaise-Industrie<\/strong>. Compris dans l\u2019abonnement TCL (et donc gratuit pour les abonn\u00e9s), ce nouveau service co\u00fbte 5 \u20ac l\u2019aller-retour et 3 \u20ac l\u2019aller. Au total, la ligne dessert <strong>quatre arr\u00eats<\/strong> : Vaise-Industrie, Saint-Vincent, Terrasses Presqu\u2019\u00eele et Confluence.\u00a0<\/p>\n<p>Personne \u00e0 8 heures<\/p>\n<p class=\" wall-content\">Mais <strong>qui utilise<\/strong> vraiment les \u00ab\u00a0navigones\u00a0\u00bb ? Ce matin actu Lyon s\u2019est rendu sur place, \u00e0 Vaise Industrie. En arrivant d\u00e8s 8 heures, une heure de pointe, le constat a \u00e9t\u00e9 rapide : <strong>il n\u2019y avait personne<\/strong>. Et la fr\u00e9quentation n\u2019a pas augment\u00e9 au fil des demi-heures. En effet, trois bateaux sont arriv\u00e9s et seulement une petite dizaine de personnes sont mont\u00e9es et\/ou descendues des navettes fluviales.\u00a0<\/p>\n<p class=\" wall-content\">Est-ce la faute des vacances ? Les navigones sont-ils encore peu utilis\u00e9s par les Lyonnais dans leur quotidien ? Seul le temps nous le dira, nous pourrons notamment le voir \u00e0 la rentr\u00e9e. Mais <strong>les horaires de passages<\/strong> des navettes fluviales peuvent aussi expliquer que le \u00ab\u00a0bateau, boulot, dodo\u00a0\u00bb ne soit pas encore rentr\u00e9 dans la vie des Lyonnais. En heure de pointe, le bateau TCL passe toutes les <strong>30 minutes<\/strong> ce qui n\u2019est pas tr\u00e8s pratique.<\/p>\n<p>    <img   decoding=\"async\" loading=\"lazy\" src=\"https:\/\/www.europesays.com\/fr\/wp-content\/uploads\/2025\/08\/navette-tcl-saone-lyon-960x640.jpg\" alt=\"La navette fluviale TCL sur la Sa\u00f4ne \u00e0 Lyon.\" width=\"960\" height=\"640\"\/><br \/>\n    La navette fluviale TCL sur la Sa\u00f4ne \u00e0 Lyon. (\u00a9Nicolas Zaugra\/ actu Lyon)\u00ab\u00a0Ce nouveau mode de mobilit\u00e9 n\u2019est pas le plus efficace\u00a0\u00bb<\/p>\n<p class=\" wall-content\">En juin dernier, Bruno Bernard, pr\u00e9sident de la M\u00e9tropole de Lyon avait confi\u00e9 \u00e0 actu Lyon\u00a0que ce \u00ab\u00a0nouveau mode de mobilit\u00e9 <strong>n\u2019est pas le plus efficace<\/strong> en termes de rapidit\u00e9, mais en termes de plaisir, c\u2019est quelque chose d\u2019assez exceptionnel\u00a0\u00bb.<\/p>\n<p class=\" wall-content\">En effet, \u00e0 contrario, il faut noter que les bateaux sont <strong>beaucoup plus remplis le week-end<\/strong>. Les touristes sont-ils donc les seuls \u00e0 les utiliser ? Il est vrai que la balade est tr\u00e8s agr\u00e9able et permet d\u2019admirer la ville d\u2019un autre point de vue \u00e0 un prix tr\u00e8s accessible.\u00a0<\/p>\n<p>26 millions d\u2019euros<\/p>\n<p class=\" wall-content\">Mais avec un budget pr\u00e9visionnel estim\u00e9 \u00e0 <strong>26 millions d\u2019euros<\/strong> (comprenant les \u00e9tudes, les am\u00e9nagements des haltes, de la zone de remisage et l\u2019acquisition de l\u2019ensemble des bateaux), cela vaut-il vraiment le coup ?<\/p>\n<p class=\" wall-content\">50 000 personnes en 51 journ\u00e9es cela fait en moyenne 980 personnes par jour. Sachant qu\u2019un <strong>bateau a une capacit\u00e9 de 70 passagers<\/strong>, le nombre de bateaux complets par jour serait de 14 sur 21 travers\u00e9es au d\u00e9part de Vaise. \u00c0 l\u2019ann\u00e9e, Sytral Mobilit\u00e9s esp\u00e8re qu\u2019au moins <strong>560 000 personnes<\/strong>, par an, prendront les navettes fluviales lyonnaises. Avec ce premier mois, les donn\u00e9es pr\u00e9visionnelles sont belles et bien dans les clous.<\/p>\n<p class=\" wall-content\">Suivez toute l\u2019actualit\u00e9 de vos villes et m\u00e9dias favoris en vous inscrivant \u00e0 <a href=\"https:\/\/moncompte.actu.fr\" title=\"D\u00e9couvez Mon Actu\" rel=\"nofollow noopener\" data-trk=\"{&quot;cta&quot;:{&quot;action&quot;:&quot;https:\\\/\\\/moncompte.actu.fr&quot;,&quot;category&quot;:&quot;mon compte&quot;,&quot;from&quot;:&quot;article footer&quot;,&quot;name&quot;:&quot;Mon actu&quot;,&quot;type&quot;:&quot;cta&quot;}}\" target=\"_blank\">Mon Actu<\/a>.<\/p>\n","protected":false},"excerpt":{"rendered":"Par Emma Ressegaire Publi\u00e9 le 7 ao\u00fbt 2025 \u00e0 11h45 Le mardi 5 ao\u00fbt dernier, Sytral Mobilit\u00e9s s\u2019est&hellip;\n","protected":false},"author":2,"featured_media":302486,"comment_status":"","ping_status":"","sticky":false,"template":"","format":"standard","meta":{"footnotes":""},"categories":[1889],"tags":[1111,11,2430,3157,1777,674,1011,27,2428,12,2809,25,104,5787],"class_list":{"0":"post-302485","1":"post","2":"type-post","3":"status-publish","4":"format-standard","5":"has-post-thumbnail","7":"category-lyon","8":"tag-actu","9":"tag-actualites","10":"tag-auvergne-rhone-alpes","11":"tag-confluence","12":"tag-eu","13":"tag-europe","14":"tag-fr","15":"tag-france","16":"tag-lyon","17":"tag-news","18":"tag-presquile","19":"tag-republique-francaise","20":"tag-societe","21":"tag-transports-en-commun-lyonnais-tcl"},"share_on_mastodon":{"url":"https:\/\/pubeurope.com\/@fr\/114986928341852311","error":""},"_links":{"self":[{"href":"https:\/\/www.europesays.com\/fr\/wp-json\/wp\/v2\/posts\/302485","targetHints":{"allow":["GET"]}}],"collection":[{"href":"https:\/\/www.europesays.com\/fr\/wp-json\/wp\/v2\/posts"}],"about":[{"href":"https:\/\/www.europesays.com\/fr\/wp-json\/wp\/v2\/types\/post"}],"author":[{"embeddable":true,"href":"https:\/\/www.europesays.com\/fr\/wp-json\/wp\/v2\/users\/2"}],"replies":[{"embeddable":true,"href":"https:\/\/www.europesays.com\/fr\/wp-json\/wp\/v2\/comments?post=302485"}],"version-history":[{"count":0,"href":"https:\/\/www.europesays.com\/fr\/wp-json\/wp\/v2\/posts\/302485\/revisions"}],"wp:featuredmedia":[{"embeddable":true,"href":"https:\/\/www.europesays.com\/fr\/wp-json\/wp\/v2\/media\/302486"}],"wp:attachment":[{"href":"https:\/\/www.europesays.com\/fr\/wp-json\/wp\/v2\/media?parent=302485"}],"wp:term":[{"taxonomy":"category","embeddable":true,"href":"https:\/\/www.europesays.com\/fr\/wp-json\/wp\/v2\/categories?post=302485"},{"taxonomy":"post_tag","embeddable":true,"href":"https:\/\/www.europesays.com\/fr\/wp-json\/wp\/v2\/tags?post=302485"}],"curies":[{"name":"wp","href":"https:\/\/api.w.org\/{rel}","templated":true}]}}