{"id":302491,"date":"2025-08-07T10:10:11","date_gmt":"2025-08-07T10:10:11","guid":{"rendered":"https:\/\/www.europesays.com\/fr\/302491\/"},"modified":"2025-08-07T10:10:11","modified_gmt":"2025-08-07T10:10:11","slug":"le-ps-designe-lex-ministre-frederique-bredin-une-femme-experimentee","status":"publish","type":"post","link":"https:\/\/www.europesays.com\/fr\/302491\/","title":{"rendered":"le PS d\u00e9signe l&rsquo;ex-ministre Fr\u00e9d\u00e9rique Bredin, \u00ab\u00a0une femme exp\u00e9riment\u00e9e\u00a0\u00bb"},"content":{"rendered":"<p>            Par<br \/>\n        <strong><br \/>\n            <a href=\"https:\/\/actu.fr\/auteur\/redaction-paris\" title=\"Consulter tous les articles de R\u00e9daction Paris\" target=\"_blank\" rel=\"noopener\">R\u00e9daction Paris<\/a><br \/>\n        <\/strong><\/p>\n<p>        Publi\u00e9 le<\/p>\n<p>            7 ao\u00fbt 2025 \u00e0 10h09        <\/p>\n<p>Nouvelle candidature. Alors que toute l\u2019attention est port\u00e9e sur le duel qui va se jouer \u00e0 droite entre <a href=\"https:\/\/actu.fr\/tag\/rachida-dati\" target=\"_blank\" rel=\"noopener\">Rachida Dati<\/a> et <a href=\"https:\/\/actu.fr\/tag\/michel-barnier\" target=\"_blank\" rel=\"noopener\">Michel Barnier<\/a>, une ancienne ministre de Fran\u00e7ois Mitterrand, <strong>Fr\u00e9d\u00e9rique Bredin<\/strong>, 68\u00a0ans, sera la candidate du <a href=\"https:\/\/actu.fr\/tag\/parti-socialiste-ps\" target=\"_blank\" rel=\"noopener\">Parti socialiste<\/a> dans la l\u00e9gislative partielle de la 2e circonscription de Paris, a-t-on appris mercredi aupr\u00e8s du parti \u00e0 la rose.<\/p>\n<p>\u00ab\u2009Une femme solide et exp\u00e9riment\u00e9e\u2009\u00bb<\/p>\n<p class=\" wall-content\">Le Conseil f\u00e9d\u00e9ral parisien du PS a officiellement propos\u00e9 mercredi 6\u00a0ao\u00fbt 2025 dans la soir\u00e9e, \u00e0 l\u2019unanimit\u00e9, son nom au Bureau national du parti, qui devrait l\u2019ent\u00e9riner dans les prochaines semaines. \u00ab\u2009Fr\u00e9d\u00e9rique Bredin est une femme solide et exp\u00e9riment\u00e9e, <strong>la meilleure des candidatures<\/strong> pour repr\u00e9senter la gauche dans la deuxi\u00e8me circonscription de Paris\u2009\u00bb, face \u00ab\u2009\u00e0 Rachida Dati et Michel Barnier qui nous proposent <a href=\"https:\/\/actu.fr\/ile-de-france\/paris_75056\/legislative-partielle-a-paris-candidat-lr-michel-barnier-appelle-rachida-dati-a-l-unite_62992683.html\" target=\"_blank\" rel=\"noopener\">une bataille des egos<\/a>\u2009\u00bb, a expliqu\u00e9 \u00e0 l\u2019AFP Emma Rafowicz, en charge des \u00e9lections \u00e0 la f\u00e9d\u00e9ration.<\/p>\n<p class=\" wall-content\">Ancienne ministre socialiste des Sports (1991-1993) dans le <strong>gouvernement d\u2019\u00c9dith Cresson<\/strong> puis de Pierre B\u00e9r\u00e9govoy, Fr\u00e9d\u00e9rique Bredin s\u2019\u00e9tait mise en retrait de la vie politique apr\u00e8s avoir rejoint le groupe Lagard\u00e8re Medias en 2000, mais a r\u00e9-adh\u00e9r\u00e9 depuis quelques ann\u00e9es au PS. Elle avait apport\u00e9 son soutien \u00e0 Emmanuel Gr\u00e9goire dans la primaire socialiste pour les municipales de 2026.<\/p>\n<p class=\" wall-content\">Un temps jug\u00e9e Macron-compatible, elle faisait partie de ceux dont le nom \u00e9tait \u00e9voqu\u00e9 lors d\u2019un remaniement en 2018. Nomm\u00e9e <strong>pr\u00e9sidente du Centre national du Cin\u00e9ma<\/strong> (CNC) de 2013 \u00e0 2019, elle avait cependant refus\u00e9 de porter la r\u00e9forme du financement du cin\u00e9ma souhait\u00e9e par Emmanuel Macron.<\/p>\n<p>Marine Rosset en suppl\u00e9ante<\/p>\n<p class=\" wall-content\">Parisienne et <strong>fille de l\u2019acad\u00e9micien<\/strong>, \u00e9crivain et avocat Jean-Denis Bredin, Fr\u00e9d\u00e9rique Bredin avait rejoint l\u2019Inspection g\u00e9n\u00e9rale des Finances \u00e0 la sortie de l\u2019ENA.<\/p>\n<p class=\" wall-content\">Apr\u00e8s avoir int\u00e9gr\u00e9 \u00e0 28\u00a0ans le cabinet de Jack Lang, alors ministre de la Culture, elle \u00e9tait entr\u00e9e deux ans plus tard \u00e0 l\u2019\u00c9lys\u00e9e, o\u00f9 elle \u00e9tait charg\u00e9e des <strong>dossiers culturels<\/strong>. Cette proche de Laurent Fabius a \u00e9t\u00e9 d\u00e9put\u00e9e de Seine-Maritime (1988-1991, r\u00e9\u00e9lue en 1995 puis en 1997), maire de F\u00e9camp de 1989 \u00e0 1995, et bri\u00e8vement d\u00e9put\u00e9e europ\u00e9enne (1994-96).<\/p>\n<p class=\" wall-content\">L\u2019ancienne candidate PS dans cette circonscription tr\u00e8s marqu\u00e9e \u00e0 droite, <a href=\"https:\/\/actu.fr\/ile-de-france\/paris_75056\/qui-est-marine-rosset-elue-socialiste-de-paris-et-homosexuelle-demissionnaire-des-scouts-et-guides-de-france_63003689.html\" target=\"_blank\" rel=\"noopener\">Marine Rosset<\/a>, est pressentie pour \u00eatre sa suppl\u00e9ante. Mme Rosset vient de <a href=\"https:\/\/actu.fr\/societe\/c-etait-intenable-critiquee-de-toute-part-marine-rosset-presidente-des-scouts-de-france-demissionne_63003459.html\" target=\"_blank\" rel=\"noopener\">quitter son poste de pr\u00e9sidente des Scouts et guides de France<\/a>, confront\u00e9e \u00e0 une <strong>vague de harc\u00e8lement<\/strong> qu\u2019elle lie \u00e0 son homosexualit\u00e9.<\/p>\n<p class=\" wall-content\">Avec AFP.<\/p>\n<p class=\" wall-content\">Suivez toute l\u2019actualit\u00e9 de vos villes et m\u00e9dias favoris en vous inscrivant \u00e0 <a href=\"https:\/\/moncompte.actu.fr\" title=\"D\u00e9couvez Mon Actu\" rel=\"nofollow noopener\" data-trk=\"{&quot;cta&quot;:{&quot;action&quot;:&quot;https:\\\/\\\/moncompte.actu.fr&quot;,&quot;category&quot;:&quot;mon compte&quot;,&quot;from&quot;:&quot;article footer&quot;,&quot;name&quot;:&quot;Mon actu&quot;,&quot;type&quot;:&quot;cta&quot;}}\" target=\"_blank\">Mon Actu<\/a>.<\/p>\n","protected":false},"excerpt":{"rendered":"Par R\u00e9daction Paris Publi\u00e9 le 7 ao\u00fbt 2025 \u00e0 10h09 Nouvelle candidature. Alors que toute l\u2019attention est port\u00e9e&hellip;\n","protected":false},"author":2,"featured_media":302492,"comment_status":"","ping_status":"","sticky":false,"template":"","format":"standard","meta":{"footnotes":""},"categories":[1888],"tags":[1111,1928,11,1927,8513,1777,674,1011,27,12,1926,626,1925,4484,316,25],"class_list":{"0":"post-302491","1":"post","2":"type-post","3":"status-publish","4":"format-standard","5":"has-post-thumbnail","7":"category-paris","8":"tag-actu","9":"tag-actu-paris","10":"tag-actualites","11":"tag-actualites-paris","12":"tag-elections-legislatives","13":"tag-eu","14":"tag-europe","15":"tag-fr","16":"tag-france","17":"tag-news","18":"tag-news-paris","19":"tag-paris","20":"tag-paris-news","21":"tag-parti-socialiste-ps","22":"tag-politique","23":"tag-republique-francaise"},"share_on_mastodon":{"url":"https:\/\/pubeurope.com\/@fr\/114986944008733446","error":""},"_links":{"self":[{"href":"https:\/\/www.europesays.com\/fr\/wp-json\/wp\/v2\/posts\/302491","targetHints":{"allow":["GET"]}}],"collection":[{"href":"https:\/\/www.europesays.com\/fr\/wp-json\/wp\/v2\/posts"}],"about":[{"href":"https:\/\/www.europesays.com\/fr\/wp-json\/wp\/v2\/types\/post"}],"author":[{"embeddable":true,"href":"https:\/\/www.europesays.com\/fr\/wp-json\/wp\/v2\/users\/2"}],"replies":[{"embeddable":true,"href":"https:\/\/www.europesays.com\/fr\/wp-json\/wp\/v2\/comments?post=302491"}],"version-history":[{"count":0,"href":"https:\/\/www.europesays.com\/fr\/wp-json\/wp\/v2\/posts\/302491\/revisions"}],"wp:featuredmedia":[{"embeddable":true,"href":"https:\/\/www.europesays.com\/fr\/wp-json\/wp\/v2\/media\/302492"}],"wp:attachment":[{"href":"https:\/\/www.europesays.com\/fr\/wp-json\/wp\/v2\/media?parent=302491"}],"wp:term":[{"taxonomy":"category","embeddable":true,"href":"https:\/\/www.europesays.com\/fr\/wp-json\/wp\/v2\/categories?post=302491"},{"taxonomy":"post_tag","embeddable":true,"href":"https:\/\/www.europesays.com\/fr\/wp-json\/wp\/v2\/tags?post=302491"}],"curies":[{"name":"wp","href":"https:\/\/api.w.org\/{rel}","templated":true}]}}