{"id":302493,"date":"2025-08-07T10:11:11","date_gmt":"2025-08-07T10:11:11","guid":{"rendered":"https:\/\/www.europesays.com\/fr\/302493\/"},"modified":"2025-08-07T10:11:11","modified_gmt":"2025-08-07T10:11:11","slug":"genocide-airline-les-bureaux-del-al-a-paris-vandalises-la-compagnie-denonce-un-acte-antisemite","status":"publish","type":"post","link":"https:\/\/www.europesays.com\/fr\/302493\/","title":{"rendered":"\u00ab\u00a0Genocide Airline\u00a0\u00bb : Les Bureaux D\u2019El Al \u00c0 Paris Vandalis\u00e9s, La Compagnie D\u00e9nonce Un Acte Antis\u00e9mite"},"content":{"rendered":"<p class=\"\" data-is=\"component-paragraph\">Les locaux de la compagnie a\u00e9rienne isra\u00e9lienne El Al \u00e0 Paris, ont \u00e9t\u00e9 vandalis\u00e9s dans la nuit du 6 au 7 ao\u00fbt. La fa\u00e7ade du b\u00e2timent a \u00e9t\u00e9 macul\u00e9e de peinture rouge, accompagn\u00e9e d\u2019inscriptions accusant El Al d\u2019\u00eatre une \u00ab\u00a0compagnie g\u00e9nocidaire\u00a0\u00bb. Selon les premi\u00e8res constatations, l\u2019acte a \u00e9t\u00e9 perp\u00e9tr\u00e9 alors que les lieux \u00e9taient vides, et aucun employ\u00e9 n\u2019a \u00e9t\u00e9 mis en danger.<\/p>\n<p class=\"\" data-is=\"component-paragraph\">Dans un communiqu\u00e9 officiel, El Al a condamn\u00e9 fermement ce qu\u2019elle qualifie de \u00ab\u00a0grave incident\u00a0\u00bb, affirmant collaborer \u00e9troitement avec les autorit\u00e9s fran\u00e7aises et isra\u00e9liennes pour faire toute la lumi\u00e8re sur les faits. La compagnie rappelle qu\u2019elle \u00ab\u00a0porte fi\u00e8rement le drapeau d\u2019Isra\u00ebl sur ses avions\u00a0\u00bb et qu\u2019elle \u00ab\u00a0condamne toute forme de violence, en particulier celle motiv\u00e9e par l\u2019antis\u00e9mitisme\u00a0\u00bb.<\/p>\n<p class=\"\" data-is=\"component-paragraph\">Face \u00e0 cet acte, attribu\u00e9 \u00e0 des militants pro-palestiniens, El Al a d\u00e9cid\u00e9 de suspendre temporairement les s\u00e9jours de ses \u00e9quipages \u00e0 Paris. Le service sera d\u00e9sormais assur\u00e9 par une soci\u00e9t\u00e9 tierce, en coordination avec la police locale.<\/p>\n<p class=\"\" data-is=\"component-paragraph\">La ministre isra\u00e9lienne des Transports, Miri Regev, a ordonn\u00e9 le rapatriement imm\u00e9diat du personnel au sol de la compagnie, affirmant que les conditions de s\u00e9curit\u00e9 n\u2019\u00e9taient plus garanties. Elle a \u00e9galement appel\u00e9 les autorit\u00e9s fran\u00e7aises \u00e0 agir rapidement et avec fermet\u00e9 pour identifier les auteurs.<\/p>\n<p class=\"\" data-is=\"component-paragraph\">\u00ab\u00a0Aujourd\u2019hui c\u2019est El Al, demain ce sera Air France\u00a0\u00bb, a \u00e9crit Miri Regev, appelant les citoyens fran\u00e7ais \u00e0 \u00ab\u00a0se r\u00e9veiller\u00a0\u00bb. \u00ab\u00a0Lorsque le pr\u00e9sident fran\u00e7ais Macron fait des d\u00e9clarations qui reviennent \u00e0 offrir des cadeaux au Hamas, voil\u00e0 le r\u00e9sultat\u00a0\u00bb, a-t-elle martel\u00e9.<\/p>\n<p class=\"\" data-is=\"component-paragraph\">L\u2019incident intervient dans un contexte de tensions croissantes entre Paris et J\u00e9rusalem, apr\u00e8s l\u2019annonce par Emmanuel Macron, le 24 juillet, de la reconnaissance prochaine de la Palestine par la France. Pour El Al comme pour une partie de l\u2019opinion isra\u00e9lienne, cette d\u00e9cision serait per\u00e7ue par certains extr\u00e9mistes comme un feu vert \u00e0 la haine.<\/p>\n","protected":false},"excerpt":{"rendered":"Les locaux de la compagnie a\u00e9rienne isra\u00e9lienne El Al \u00e0 Paris, ont \u00e9t\u00e9 vandalis\u00e9s dans la nuit du&hellip;\n","protected":false},"author":2,"featured_media":302494,"comment_status":"","ping_status":"","sticky":false,"template":"","format":"standard","meta":{"footnotes":""},"categories":[1888],"tags":[1111,1928,11,1927,1777,674,1011,27,12,1926,626,1925,25],"class_list":{"0":"post-302493","1":"post","2":"type-post","3":"status-publish","4":"format-standard","5":"has-post-thumbnail","7":"category-paris","8":"tag-actu","9":"tag-actu-paris","10":"tag-actualites","11":"tag-actualites-paris","12":"tag-eu","13":"tag-europe","14":"tag-fr","15":"tag-france","16":"tag-news","17":"tag-news-paris","18":"tag-paris","19":"tag-paris-news","20":"tag-republique-francaise"},"share_on_mastodon":{"url":"https:\/\/pubeurope.com\/@fr\/114986948011957133","error":""},"_links":{"self":[{"href":"https:\/\/www.europesays.com\/fr\/wp-json\/wp\/v2\/posts\/302493","targetHints":{"allow":["GET"]}}],"collection":[{"href":"https:\/\/www.europesays.com\/fr\/wp-json\/wp\/v2\/posts"}],"about":[{"href":"https:\/\/www.europesays.com\/fr\/wp-json\/wp\/v2\/types\/post"}],"author":[{"embeddable":true,"href":"https:\/\/www.europesays.com\/fr\/wp-json\/wp\/v2\/users\/2"}],"replies":[{"embeddable":true,"href":"https:\/\/www.europesays.com\/fr\/wp-json\/wp\/v2\/comments?post=302493"}],"version-history":[{"count":0,"href":"https:\/\/www.europesays.com\/fr\/wp-json\/wp\/v2\/posts\/302493\/revisions"}],"wp:featuredmedia":[{"embeddable":true,"href":"https:\/\/www.europesays.com\/fr\/wp-json\/wp\/v2\/media\/302494"}],"wp:attachment":[{"href":"https:\/\/www.europesays.com\/fr\/wp-json\/wp\/v2\/media?parent=302493"}],"wp:term":[{"taxonomy":"category","embeddable":true,"href":"https:\/\/www.europesays.com\/fr\/wp-json\/wp\/v2\/categories?post=302493"},{"taxonomy":"post_tag","embeddable":true,"href":"https:\/\/www.europesays.com\/fr\/wp-json\/wp\/v2\/tags?post=302493"}],"curies":[{"name":"wp","href":"https:\/\/api.w.org\/{rel}","templated":true}]}}