{"id":302499,"date":"2025-08-07T10:14:17","date_gmt":"2025-08-07T10:14:17","guid":{"rendered":"https:\/\/www.europesays.com\/fr\/302499\/"},"modified":"2025-08-07T10:14:17","modified_gmt":"2025-08-07T10:14:17","slug":"le-kremlin-confirme-que-donald-trump-et-vladimir-poutine-se-rencontreront-la-semaine-prochaine","status":"publish","type":"post","link":"https:\/\/www.europesays.com\/fr\/302499\/","title":{"rendered":"Le Kremlin Confirme Que Donald Trump Et Vladimir Poutine Se Rencontreront La Semaine Prochaine"},"content":{"rendered":"<p class=\"\" data-is=\"component-paragraph\">La Russie et les \u00c9tats-Unis ont convenu jeudi d&rsquo;organiser une rencontre entre les pr\u00e9sidents Vladimir Poutine et Donald Trump, comme l&rsquo;a confirm\u00e9 le Kremlin. Cette r\u00e9union aura lieu dans les prochains jours, les deux parties travaillant d\u00e9sormais sur les d\u00e9tails pratiques. Ni le lieu ni la date exacte n&rsquo;ont encore \u00e9t\u00e9 arr\u00eat\u00e9s.<\/p>\n<p class=\"\" data-is=\"component-paragraph\">L&rsquo;\u00e9missaire am\u00e9ricain Steve Witkoff, qui a pouss\u00e9 pour cette rencontre, avait initialement tent\u00e9 d&rsquo;organiser une r\u00e9union tripartite incluant le pr\u00e9sident ukrainien Volodymyr Zelensky. Moscou n&rsquo;a cependant pas encore r\u00e9pondu \u00e0 cette proposition.<\/p>\n<p class=\"\" data-is=\"component-paragraph\">Trump a r\u00e9v\u00e9l\u00e9 mercredi ses plans lors d&rsquo;un entretien avec des dirigeants europ\u00e9ens. Selon les informations rapport\u00e9es par le New York Times, les dirigeants europ\u00e9ens pr\u00e9sents \u00e0 la Maison Blanche ont approuv\u00e9 ce projet de rencontre limit\u00e9e aux trois dirigeants principaux, sans participation europ\u00e9enne \u00e9largie.<\/p>\n<p class=\"\" data-is=\"component-paragraph\">Zelensky, qui participait \u00e0 l&rsquo;\u00e9change avec Trump, a d\u00e9clar\u00e9 par la suite que sa position et celle des autres dirigeants \u00e9tait que \u00ab\u00a0la guerre doit se terminer\u00a0\u00bb, mais avec \u00ab\u00a0une fin juste\u00a0\u00bb.<\/p>\n<p class=\"\" data-is=\"component-paragraph\">Sur Truth Social, son r\u00e9seau social, Trump a confirm\u00e9 que la rencontre entre Witkoff et Poutine en Russie avait dur\u00e9 plusieurs heures. \u00ab\u00a0J&rsquo;ai ensuite brief\u00e9 plusieurs de nos alli\u00e9s europ\u00e9ens\u00a0\u00bb, a \u00e9crit le pr\u00e9sident am\u00e9ricain. \u00ab\u00a0Tous s&rsquo;accordent sur le fait que cette guerre doit cesser, et nous travaillerons dans ce sens dans les jours et semaines \u00e0 venir. Merci pour votre attention sur cette question !\u00a0\u00bb<\/p>\n<p class=\"\" data-is=\"component-paragraph\">Cette initiative marque une nouvelle \u00e9tape dans les efforts diplomatiques pour r\u00e9soudre le conflit ukrainien, Trump ayant promis durant sa campagne de mettre fin rapidement \u00e0 cette guerre.<\/p>\n","protected":false},"excerpt":{"rendered":"La Russie et les \u00c9tats-Unis ont convenu jeudi d&rsquo;organiser une rencontre entre les pr\u00e9sidents Vladimir Poutine et Donald&hellip;\n","protected":false},"author":2,"featured_media":302500,"comment_status":"","ping_status":"","sticky":false,"template":"","format":"standard","meta":{"footnotes":""},"categories":[1591],"tags":[11,1887,12,1885,1886,132],"class_list":{"0":"post-302499","1":"post","2":"type-post","3":"status-publish","4":"format-standard","5":"has-post-thumbnail","7":"category-russie","8":"tag-actualites","9":"tag-federation-de-russie","10":"tag-news","11":"tag-russia","12":"tag-russian-federation","13":"tag-russie"},"share_on_mastodon":{"url":"","error":""},"_links":{"self":[{"href":"https:\/\/www.europesays.com\/fr\/wp-json\/wp\/v2\/posts\/302499","targetHints":{"allow":["GET"]}}],"collection":[{"href":"https:\/\/www.europesays.com\/fr\/wp-json\/wp\/v2\/posts"}],"about":[{"href":"https:\/\/www.europesays.com\/fr\/wp-json\/wp\/v2\/types\/post"}],"author":[{"embeddable":true,"href":"https:\/\/www.europesays.com\/fr\/wp-json\/wp\/v2\/users\/2"}],"replies":[{"embeddable":true,"href":"https:\/\/www.europesays.com\/fr\/wp-json\/wp\/v2\/comments?post=302499"}],"version-history":[{"count":0,"href":"https:\/\/www.europesays.com\/fr\/wp-json\/wp\/v2\/posts\/302499\/revisions"}],"wp:featuredmedia":[{"embeddable":true,"href":"https:\/\/www.europesays.com\/fr\/wp-json\/wp\/v2\/media\/302500"}],"wp:attachment":[{"href":"https:\/\/www.europesays.com\/fr\/wp-json\/wp\/v2\/media?parent=302499"}],"wp:term":[{"taxonomy":"category","embeddable":true,"href":"https:\/\/www.europesays.com\/fr\/wp-json\/wp\/v2\/categories?post=302499"},{"taxonomy":"post_tag","embeddable":true,"href":"https:\/\/www.europesays.com\/fr\/wp-json\/wp\/v2\/tags?post=302499"}],"curies":[{"name":"wp","href":"https:\/\/api.w.org\/{rel}","templated":true}]}}