{"id":30250,"date":"2025-04-16T23:36:10","date_gmt":"2025-04-16T23:36:10","guid":{"rendered":"https:\/\/www.europesays.com\/fr\/30250\/"},"modified":"2025-04-16T23:36:10","modified_gmt":"2025-04-16T23:36:10","slug":"sur-les-routes-dille-et-vilaine-les-gendarmes-veulent-maintenir-la-pression","status":"publish","type":"post","link":"https:\/\/www.europesays.com\/fr\/30250\/","title":{"rendered":"sur les routes d&rsquo;Ille-et-Vilaine, les gendarmes veulent maintenir \u00ab\u00a0la pression\u00a0\u00bb"},"content":{"rendered":"<p>            Par<br \/>\n        <strong><br \/>\n            <a href=\"https:\/\/actu.fr\/auteur\/clemence-pays02-actu-fr\" title=\"Consulter tous les articles de Cl\u00e9mence Pays\" rel=\"nofollow noopener\" target=\"_blank\">Cl\u00e9mence Pays<\/a><br \/>\n        <\/strong><\/p>\n<p>        Publi\u00e9 le<\/p>\n<p>            16 avr. 2025 \u00e0 14h04        <\/p>\n<p>En <a href=\"https:\/\/actu.fr\/bretagne\/ille-et-vilaine_35\" rel=\"nofollow noopener\" target=\"_blank\">Ille-et-Vilaine<\/a>, depuis le d\u00e9but de l\u2019ann\u00e9e 2025, <strong>\u00ab\u2009il y a trop d\u2019accidents\u2009\u00bb,<\/strong> d\u00e9plore la gendarmerie. Face \u00e0 ce constat, les militaires se mobilisent sur le terrain pour <strong>contr\u00f4ler les automobilistes.<\/strong><\/p>\n<p class=\" wall-content\">C\u2019\u00e9tait le cas, mardi 15\u00a0avril 2025. Dans l\u2019apr\u00e8s-midi, la compagnie de gendarmerie de <a href=\"https:\/\/actu.fr\/bretagne\/montfort-sur-meu_35188\" rel=\"nofollow noopener\" target=\"_blank\">Montfort-sur-Meu<\/a> a mobilis\u00e9 deux \u00e9quipages pour op\u00e9rer des contr\u00f4les routiers \u00e0 <a href=\"https:\/\/actu.fr\/bretagne\/geveze_35120\" rel=\"nofollow noopener\" target=\"_blank\">G\u00e9vez\u00e9<\/a>.<\/p>\n<p class=\" wall-content\">\u00ab\u2009On se doit d\u2019<strong>augmenter la pression sur les conducteurs\u2009\u00bb,<\/strong> pour rappeler les bons comportements \u00e0 adopter au volant, note la capitaine Karine Bafoil, commandant en second de la compagnie de gendarmerie d\u00e9partementale de Montfort-sur-Meu.<\/p>\n<p>Des routes propices aux exc\u00e8s<\/p>\n<p class=\" wall-content\">Au cours de leur op\u00e9ration, les gendarmes se sont d\u00e9ploy\u00e9s sur <strong>diff\u00e9rents points strat\u00e9giques<\/strong> du bourg de G\u00e9vez\u00e9, mais aussi sur les axes aux entr\u00e9es et sorties de la commune.<\/p>\n<p class=\" wall-content\">\u00ab\u2009Ce sont des axes o\u00f9 <strong>les gens roulent vite,<\/strong> extr\u00eamement emprunt\u00e9s ou des<strong> lieux accidentog\u00e8nes\u2009\u00bb,<\/strong> explique le major Bruno Lebreton, commandant de la communaut\u00e9 de brigade de gendarmerie d\u2019H\u00e9d\u00e9e-Bazouges.<\/p>\n<p>Vid\u00e9os : en ce moment sur Actu<\/p>\n<p class=\" wall-content\">Ce mardi, les forces de l\u2019ordre \u00e9taient principalement post\u00e9es sur des lignes droites \u00ab\u2009qui invitent \u00e0 la vitesse\u2009\u00bb, poursuit le commandant Bruno Lebreton. Elles se mobilisent donc pour \u00ab\u2009des <strong>postes de courte dur\u00e9e,<\/strong> car les \u00e9quipes sont vite rep\u00e9r\u00e9es par les conducteurs et signal\u00e9es\u2009\u00bb aux autres automobilistes, compl\u00e8te la capitaine Karine Bafoil.<\/p>\n<p class=\" wall-content\">Qui plus est, en restant mobile et donc sur plusieurs postes, la pr\u00e9sence des gendarmes est plus impactante. \u00ab\u2009Cela permet de <strong>faire plus de pr\u00e9vention\u2009\u00bb,<\/strong> note la capitaine.<\/p>\n<p>Contr\u00f4ler pour faire de la pr\u00e9vention<\/p>\n<p class=\" wall-content\">\u00c9quip\u00e9s de leurs jumelles, les gendarmes peuvent <strong>contr\u00f4ler la vitesse des v\u00e9hicules \u00e0 plusieurs centaines de m\u00e8tres<\/strong> de leur poste. En cas d\u2019exc\u00e8s de vitesse, \u00ab\u2009on arr\u00eate le conducteur\u2009\u00bb sur le bas-c\u00f4t\u00e9 pour proc\u00e9der \u00e0 un contr\u00f4le.<\/p>\n<blockquote class=\"ac-article-quote wall-content\">\n<p>Il y a une marge d&rsquo;erreur qui est toujours au b\u00e9n\u00e9fice du conducteur, comme pour les radars automatiques.<\/p>\n<p>    <strong>Capitaine Karine Bafoil<\/strong><br \/>\n        Commandant en second de la compagnie de gendarmerie d\u00e9partementale de Montfort-sur-Meu    <\/p><\/blockquote>\n<p class=\" wall-content\">En fonction de la vitesse constat\u00e9e, les gendarmes verbalisent le conducteur ou non. \u00ab\u2009Cela peut aller jusqu\u2019\u00e0 la <strong>retenue du permis de conduire et du v\u00e9hicule\u2009\u00bb,<\/strong> commente la capitaine Karine Bafoil.<\/p>\n<p class=\" wall-content\">Quoi qu\u2019il en soit, les gendarmes l\u2019assurent\u2009: le but de ces contr\u00f4les n\u2019est pas de verbaliser, mais bien de <strong>montrer la pr\u00e9sence des militaires<\/strong> sur le terrain pour faire de la pr\u00e9vention.<\/p>\n<p>      <img   decoding=\"async\" loading=\"lazy\" src=\"https:\/\/www.europesays.com\/fr\/wp-content\/uploads\/2025\/04\/4-gendarmes-gendarmerie-nationale-compagnie-de-montfort-sur-meu-controle-routier-vitesse-geveze-bret.jpeg\" alt=\"Sur la D27, pr\u00e8s de la commune de G\u00e9vez\u00e9 (Ille-et-Vilaine), les gendarmes ont contr\u00f4l\u00e9 la vitesse des automobilistes, mardi 15 janvier 2025.\" width=\"960\" height=\"640\"\/><br \/>\n    Sur la D27, pr\u00e8s de la commune de G\u00e9vez\u00e9 (Ille-et-Vilaine), les gendarmes ont contr\u00f4l\u00e9 la vitesse des automobilistes, mardi 15 avril 2025. (\u00a9Cl\u00e9mence Pays\/actu Rennes)<\/p>\n<p class=\" wall-content\">Souvent, ces contr\u00f4les se font <strong>en lien avec les \u00e9lus locaux<\/strong> qui re\u00e7oivent les plaintes des habitants sur le caract\u00e8re dangereux de certaines routes. \u00ab\u2009Les \u00e9lus pr\u00e9viennent les habitants que des contr\u00f4les sont men\u00e9s. C\u2019est comme \u00e7a que le message passe\u2009\u00bb, remarque le commandant Bruno Lebreton.<\/p>\n<blockquote class=\"ac-article-quote wall-content\">\n<p>En 2024, il y a eu quatre accidents mortels sur notre circonscription, dont un en raison d&rsquo;une vitesse trop importante.<\/p>\n<p>    <strong>Major Bruno Lebreton<\/strong><br \/>\n        Commandant de la communaut\u00e9 de brigade de gendarmerie d&rsquo;H\u00e9d\u00e9e-Bazouges    <\/p><\/blockquote>\n<p class=\" wall-content\">Dans la majorit\u00e9 des cas, les contr\u00f4les se d\u00e9roulent bien, comme ce mardi, o\u00f9 aucune infraction majeure n\u2019a \u00e9t\u00e9 relev\u00e9e.<\/p>\n<p class=\" wall-content\">Il arrive pourtant que <strong>des conducteurs refusent d\u2019obtemp\u00e9rer.<\/strong> Cela avait notamment \u00e9t\u00e9 le cas au petit matin du dimanche 13\u00a0octobre 2024. \u00c0 la sortie de <a href=\"https:\/\/actu.fr\/bretagne\/rennes_35238\/pres-de-rennes-la-plus-grande-discotheque-de-bretagne-ferme-pour-un-mois-apres-plusieurs-accidents-graves_62436961.html\" rel=\"nofollow noopener\" target=\"_blank\">la bo\u00eete de nuit Le Tremplin<\/a>, \u00e0 Montauban-de-Bretagne, <a href=\"https:\/\/actu.fr\/bretagne\/rennes_35238\/refus-d-obtemperer-pres-de-rennes-un-gendarme-blesse-par-un-conducteur-qui-sortait-de-discotheque_61734670.html\" rel=\"nofollow noopener\" target=\"_blank\">un automobiliste a refus\u00e9 de s\u2019arr\u00eater et avait percut\u00e9 un gendarme le blessant gri\u00e8vement<\/a>. Un accident qui a profond\u00e9ment marqu\u00e9 les militaires.<\/p>\n<p class=\" wall-content\">Suivez toute l\u2019actualit\u00e9 de vos villes et m\u00e9dias favoris en vous inscrivant \u00e0 <a href=\"https:\/\/moncompte.actu.fr\" title=\"D\u00e9couvez Mon Actu\" rel=\"nofollow noopener\" data-trk=\"{&quot;cta&quot;:{&quot;action&quot;:&quot;https:\\\/\\\/moncompte.actu.fr&quot;,&quot;category&quot;:&quot;mon compte&quot;,&quot;from&quot;:&quot;article footer&quot;,&quot;name&quot;:&quot;Mon actu&quot;,&quot;type&quot;:&quot;cta&quot;}}\" target=\"_blank\">Mon Actu<\/a>.<\/p>\n<ul class=\"ac-article-tag wall-content\">\n<li><a href=\"https:\/\/actu.fr\/tag\/gendarmerie\" data-trk=\"{&quot;cta&quot;:{&quot;action&quot;:&quot;Gendarmerie&quot;,&quot;category&quot;:&quot;tag&quot;,&quot;from&quot;:&quot;article footer&quot;,&quot;name&quot;:&quot;Gendarmerie&quot;,&quot;type&quot;:&quot;cta&quot;}}\" rel=\"nofollow noopener\" target=\"_blank\">#Gendarmerie<\/a><\/li>\n<li><a href=\"https:\/\/actu.fr\/tag\/securite-routiere\" data-trk=\"{&quot;cta&quot;:{&quot;action&quot;:&quot;S\\u00e9curit\\u00e9 routi\\u00e8re&quot;,&quot;category&quot;:&quot;tag&quot;,&quot;from&quot;:&quot;article footer&quot;,&quot;name&quot;:&quot;S\\u00e9curit\\u00e9 routi\\u00e8re&quot;,&quot;type&quot;:&quot;cta&quot;}}\" rel=\"nofollow noopener\" target=\"_blank\">#S\u00e9curit\u00e9 routi\u00e8re<\/a><\/li>\n<\/ul>\n","protected":false},"excerpt":{"rendered":"Par Cl\u00e9mence Pays Publi\u00e9 le 16 avr. 2025 \u00e0 14h04 En Ille-et-Vilaine, depuis le d\u00e9but de l\u2019ann\u00e9e 2025,&hellip;\n","protected":false},"author":2,"featured_media":30251,"comment_status":"","ping_status":"","sticky":false,"template":"","format":"standard","meta":{"footnotes":""},"categories":[2821],"tags":[1111,11,829,1777,674,118,1011,27,3381,12,584,25,5009],"class_list":{"0":"post-30250","1":"post","2":"type-post","3":"status-publish","4":"format-standard","5":"has-post-thumbnail","7":"category-rennes","8":"tag-actu","9":"tag-actualites","10":"tag-bretagne","11":"tag-eu","12":"tag-europe","13":"tag-faits-divers","14":"tag-fr","15":"tag-france","16":"tag-gendarmerie","17":"tag-news","18":"tag-rennes","19":"tag-republique-francaise","20":"tag-securite-routiere"},"share_on_mastodon":{"url":"https:\/\/pubeurope.com\/@fr\/114350272334386054","error":""},"_links":{"self":[{"href":"https:\/\/www.europesays.com\/fr\/wp-json\/wp\/v2\/posts\/30250","targetHints":{"allow":["GET"]}}],"collection":[{"href":"https:\/\/www.europesays.com\/fr\/wp-json\/wp\/v2\/posts"}],"about":[{"href":"https:\/\/www.europesays.com\/fr\/wp-json\/wp\/v2\/types\/post"}],"author":[{"embeddable":true,"href":"https:\/\/www.europesays.com\/fr\/wp-json\/wp\/v2\/users\/2"}],"replies":[{"embeddable":true,"href":"https:\/\/www.europesays.com\/fr\/wp-json\/wp\/v2\/comments?post=30250"}],"version-history":[{"count":0,"href":"https:\/\/www.europesays.com\/fr\/wp-json\/wp\/v2\/posts\/30250\/revisions"}],"wp:featuredmedia":[{"embeddable":true,"href":"https:\/\/www.europesays.com\/fr\/wp-json\/wp\/v2\/media\/30251"}],"wp:attachment":[{"href":"https:\/\/www.europesays.com\/fr\/wp-json\/wp\/v2\/media?parent=30250"}],"wp:term":[{"taxonomy":"category","embeddable":true,"href":"https:\/\/www.europesays.com\/fr\/wp-json\/wp\/v2\/categories?post=30250"},{"taxonomy":"post_tag","embeddable":true,"href":"https:\/\/www.europesays.com\/fr\/wp-json\/wp\/v2\/tags?post=30250"}],"curies":[{"name":"wp","href":"https:\/\/api.w.org\/{rel}","templated":true}]}}