{"id":302503,"date":"2025-08-07T10:16:12","date_gmt":"2025-08-07T10:16:12","guid":{"rendered":"https:\/\/www.europesays.com\/fr\/302503\/"},"modified":"2025-08-07T10:16:12","modified_gmt":"2025-08-07T10:16:12","slug":"etats-unis-chine-les-iles-cook-au-coeur-des-convoitises-des-deux-grandes-puissances-actualites","status":"publish","type":"post","link":"https:\/\/www.europesays.com\/fr\/302503\/","title":{"rendered":"\u00c9tats-Unis\/Chine : les \u00celes Cook au c\u0153ur des convoitises des deux grandes puissances : Actualit\u00e9s"},"content":{"rendered":"<p class=\"lead \"><strong>Situ\u00e9es non loin de la Nouvelle-Z\u00e9lande, \u00e0 c\u00f4t\u00e9 de la Polyn\u00e9sie fran\u00e7aise, les \u00celes Cook sont au c\u0153ur des convoitises des \u00c9tats-Unis et de la Chine pour leurs fonds marins riches en terres rares. Une soci\u00e9t\u00e9 mexicaine estime la valeur des ressources \u00e0 plusieurs milliards.<\/strong><\/p>\n<p class=\"lead \"> Eau translucide, palmiers et plage de sable fin. Les \u00celes Cook sont un v\u00e9ritable havre de paix pour celles et ceux qui souhaiteraient y passer leurs vacances. Cela \u00e9tant, l&rsquo;archipel risque de perdre de son attrait d&rsquo;ici quelques ann\u00e9es. En effet, les \u00eeles sont au c\u0153ur des convoitises des deux grandes puissances mondiales : les \u00c9tats-Unis et la Chine, rapporte <a href=\"https:\/\/www.tf1info.fr\/international\/iles-cook-des-etats-unis-a-la-chine-pourquoi-ce-petit-archipel-est-l-objet-de-toutes-les-convoitises-2387309.html\" target=\"_blank\" rel=\"nofollow noopener\">TF1info<\/a>. Mais alors, pourquoi ?<\/p>\n<p class=\"lead \">Ici, pas de p\u00e9trole mais des profondeurs riches en minerais rares sur lesquels lorgnent les deux pays. Les fonds marins de l&rsquo;archipel sont tapiss\u00e9s de nodules polym\u00e9talliques, c&rsquo;est-\u00e0-dire des morceaux de roches de la taille d&rsquo;une pomme de terre, riches en terres rares telles que le fameux cobalt, le nickel et le mangan\u00e8se. N\u00e9cessaires au fonctionnement de technologies de pointe comme les v\u00e9hicules \u00e9lectriques, les smartphones ou certains missiles, ces derni\u00e8res sont au c\u0153ur d&rsquo;une concurrence acharn\u00e9e entre nations.<\/p>\n<p>                                                                                                Des fonds marins estim\u00e9s \u00e0 quatre milliards de dollars<\/p>\n<p class=\"lead \">Le fait est que le territoire maritime des \u00eeles est immense et regorge de ces richesses. \u00ab\u00a0Les ressources sont estim\u00e9es \u00e0 une valeur potentielle d&rsquo;environ 4 milliards de dollars\u00a0\u00bb, a estim\u00e9 une soci\u00e9t\u00e9 texane qui d\u00e9tient d&rsquo;ores et d\u00e9j\u00e0 des droits d&rsquo;exploration sur 20 000 kilom\u00e8tres carr\u00e9s dans la zone \u00e9conomique exclusive des \u00celes Cook.<\/p>\n<p class=\"lead \">Du c\u00f4t\u00e9 diplomatique et \u00e9conomique, le petit \u00c9tat, en libre association avec la Nouvelle-Z\u00e9lande, fait jouer la concurrence. La monarchie s&rsquo;est tant\u00f4t associ\u00e9e avec la Chine pour explorer ses fonds marins, tant\u00f4t avec les \u00c9tats-Unis en signant un accord avec Rarotonga, la capitale de l&rsquo;archipel.<\/p>\n<p class=\"small font-weight-bold text-gray3 \"> publi\u00e9 le 7 ao\u00fbt \u00e0 12h00, Gabriel Gadr\u00e9, 6M\u00e9dias <\/p>\n<p>                             Partager<\/p>\n","protected":false},"excerpt":{"rendered":"Situ\u00e9es non loin de la Nouvelle-Z\u00e9lande, \u00e0 c\u00f4t\u00e9 de la Polyn\u00e9sie fran\u00e7aise, les \u00celes Cook sont au c\u0153ur&hellip;\n","protected":false},"author":2,"featured_media":302504,"comment_status":"","ping_status":"","sticky":false,"template":"","format":"standard","meta":{"footnotes":""},"categories":[1589],"tags":[11,73,1866,12,1864,1865,1863,308],"class_list":{"0":"post-302503","1":"post","2":"type-post","3":"status-publish","4":"format-standard","5":"has-post-thumbnail","7":"category-etats-unis","8":"tag-actualites","9":"tag-etats-unis","10":"tag-etats-unis-damerique","11":"tag-news","12":"tag-united-states","13":"tag-united-states-of-america","14":"tag-us","15":"tag-usa"},"share_on_mastodon":{"url":"https:\/\/pubeurope.com\/@fr\/114986967652753167","error":""},"_links":{"self":[{"href":"https:\/\/www.europesays.com\/fr\/wp-json\/wp\/v2\/posts\/302503","targetHints":{"allow":["GET"]}}],"collection":[{"href":"https:\/\/www.europesays.com\/fr\/wp-json\/wp\/v2\/posts"}],"about":[{"href":"https:\/\/www.europesays.com\/fr\/wp-json\/wp\/v2\/types\/post"}],"author":[{"embeddable":true,"href":"https:\/\/www.europesays.com\/fr\/wp-json\/wp\/v2\/users\/2"}],"replies":[{"embeddable":true,"href":"https:\/\/www.europesays.com\/fr\/wp-json\/wp\/v2\/comments?post=302503"}],"version-history":[{"count":0,"href":"https:\/\/www.europesays.com\/fr\/wp-json\/wp\/v2\/posts\/302503\/revisions"}],"wp:featuredmedia":[{"embeddable":true,"href":"https:\/\/www.europesays.com\/fr\/wp-json\/wp\/v2\/media\/302504"}],"wp:attachment":[{"href":"https:\/\/www.europesays.com\/fr\/wp-json\/wp\/v2\/media?parent=302503"}],"wp:term":[{"taxonomy":"category","embeddable":true,"href":"https:\/\/www.europesays.com\/fr\/wp-json\/wp\/v2\/categories?post=302503"},{"taxonomy":"post_tag","embeddable":true,"href":"https:\/\/www.europesays.com\/fr\/wp-json\/wp\/v2\/tags?post=302503"}],"curies":[{"name":"wp","href":"https:\/\/api.w.org\/{rel}","templated":true}]}}