{"id":302505,"date":"2025-08-07T10:17:10","date_gmt":"2025-08-07T10:17:10","guid":{"rendered":"https:\/\/www.europesays.com\/fr\/302505\/"},"modified":"2025-08-07T10:17:10","modified_gmt":"2025-08-07T10:17:10","slug":"accord-franco-britannique-sur-limmigration-clandestine-londres-a-arrete-de-premiers-migrants-et-va-les-expulser-comme-prevu-en-france","status":"publish","type":"post","link":"https:\/\/www.europesays.com\/fr\/302505\/","title":{"rendered":"Accord franco-britannique sur l\u2019immigration clandestine\u00a0: Londres a arr\u00eat\u00e9 de premiers migrants et va les expulser comme pr\u00e9vu en France"},"content":{"rendered":"<p>Le minist\u00e8re britannique de l\u2019Int\u00e9rieur a annonc\u00e9, ce jeudi, avoir plac\u00e9 en d\u00e9tention les premiers migrants arriv\u00e9s au Royaume-Uni sur des petits bateaux et ayant vocation \u00e0 \u00eatre renvoy\u00e9s en France dans le cadre du trait\u00e9 franco-britannique entr\u00e9 en vigueur mercredi.<\/p>\n<p>Expulsions \u00ab dans les prochaines semaines \u00bb<\/p>\n<p>\u00ab Les personnes arriv\u00e9es au Royaume-Uni sur un bateau hier midi ont \u00e9t\u00e9 plac\u00e9es en d\u00e9tention. Elles seront plac\u00e9es dans des centres de r\u00e9tention administrative en attendant leur expulsion \u00bb, a indiqu\u00e9 le Home Office dans un communiqu\u00e9, sans pr\u00e9ciser combien de migrants avaient \u00e9t\u00e9 arr\u00eat\u00e9s.<\/p>\n<p>Selon Londres, les premi\u00e8res expulsions vers la France devraient avoir lieu \u00ab dans les prochaines semaines \u00bb.<\/p>\n<p>Le Royaume-Uni va transmettre \u00e0 la France dans un d\u00e9lai de trois jours les noms des migrants arr\u00eat\u00e9s qu\u2019elle souhaite expulser, et les autorit\u00e9s fran\u00e7aises auront 14 jours pour r\u00e9pondre, d\u00e9taille le Home Office.<\/p>\n<p>\u00ab Un pour un \u00bb<\/p>\n<p>Un nombre record de plus de <a href=\"https:\/\/www.letelegramme.fr\/france\/pres-de-20-000-migrants-ont-traverse-la-manche-depuis-le-debut-de-lannee-2025-un-record-6847305.php\" target=\"_blank\" rel=\"nofollow noopener\">25 400 personnes sont entr\u00e9es au Royaume-Uni par ce biais<\/a> depuis le d\u00e9but de l\u2019ann\u00e9e, en hausse de 49 % sur un an.<\/p>\n<p>Le trait\u00e9 est bas\u00e9 sur un principe d\u2019\u00ab un pour un \u00bb. La France reprendra des migrants arriv\u00e9s au Royaume-Uni par \u00ab small boat \u00bb et dont la demande d\u2019asile n\u2019y est pas jug\u00e9e admissible.<\/p>\n<p>Dans l\u2019autre sens, Londres acceptera des personnes se trouvant en France et ayant fait une demande sur une plateforme en ligne, en donnant la priorit\u00e9 \u00e0 celles ayant des liens avec le Royaume-Uni.<\/p>\n","protected":false},"excerpt":{"rendered":"Le minist\u00e8re britannique de l\u2019Int\u00e9rieur a annonc\u00e9, ce jeudi, avoir plac\u00e9 en d\u00e9tention les premiers migrants arriv\u00e9s au&hellip;\n","protected":false},"author":2,"featured_media":302506,"comment_status":"","ping_status":"","sticky":false,"template":"","format":"standard","meta":{"footnotes":""},"categories":[1588],"tags":[11,765,1777,674,27,1061,1251,74,12,473,1853,801,1851,1850,1852],"class_list":{"0":"post-302505","1":"post","2":"type-post","3":"status-publish","4":"format-standard","5":"has-post-thumbnail","7":"category-royaume-uni","8":"tag-actualites","9":"tag-en-continu","10":"tag-eu","11":"tag-europe","12":"tag-france","13":"tag-immigration","14":"tag-migrants","15":"tag-monde","16":"tag-news","17":"tag-royaume-uni","18":"tag-royaume-uni-de-grande-bretagne-et-dirlande-du-nord","19":"tag-social","20":"tag-uk","21":"tag-united-kingdom","22":"tag-united-kingdom-of-great-britain-and-northern-ireland"},"share_on_mastodon":{"url":"https:\/\/pubeurope.com\/@fr\/114986971601285094","error":""},"_links":{"self":[{"href":"https:\/\/www.europesays.com\/fr\/wp-json\/wp\/v2\/posts\/302505","targetHints":{"allow":["GET"]}}],"collection":[{"href":"https:\/\/www.europesays.com\/fr\/wp-json\/wp\/v2\/posts"}],"about":[{"href":"https:\/\/www.europesays.com\/fr\/wp-json\/wp\/v2\/types\/post"}],"author":[{"embeddable":true,"href":"https:\/\/www.europesays.com\/fr\/wp-json\/wp\/v2\/users\/2"}],"replies":[{"embeddable":true,"href":"https:\/\/www.europesays.com\/fr\/wp-json\/wp\/v2\/comments?post=302505"}],"version-history":[{"count":0,"href":"https:\/\/www.europesays.com\/fr\/wp-json\/wp\/v2\/posts\/302505\/revisions"}],"wp:featuredmedia":[{"embeddable":true,"href":"https:\/\/www.europesays.com\/fr\/wp-json\/wp\/v2\/media\/302506"}],"wp:attachment":[{"href":"https:\/\/www.europesays.com\/fr\/wp-json\/wp\/v2\/media?parent=302505"}],"wp:term":[{"taxonomy":"category","embeddable":true,"href":"https:\/\/www.europesays.com\/fr\/wp-json\/wp\/v2\/categories?post=302505"},{"taxonomy":"post_tag","embeddable":true,"href":"https:\/\/www.europesays.com\/fr\/wp-json\/wp\/v2\/tags?post=302505"}],"curies":[{"name":"wp","href":"https:\/\/api.w.org\/{rel}","templated":true}]}}