{"id":302507,"date":"2025-08-07T10:18:10","date_gmt":"2025-08-07T10:18:10","guid":{"rendered":"https:\/\/www.europesays.com\/fr\/302507\/"},"modified":"2025-08-07T10:18:10","modified_gmt":"2025-08-07T10:18:10","slug":"rtl-infos-nous-continuerons-lallemagne-va-poursuivre-ses-controles-aux-frontieres","status":"publish","type":"post","link":"https:\/\/www.europesays.com\/fr\/302507\/","title":{"rendered":"RTL Infos &#8211; \u00ab\u00a0Nous continuerons\u00a0\u00bb: L&rsquo;Allemagne va poursuivre ses contr\u00f4les aux fronti\u00e8res"},"content":{"rendered":"<p>\n                            Les contr\u00f4les frontaliers men\u00e9s par l&rsquo;Allemagne depuis un an vont se poursuivre.                        <\/p>\n<p>L&rsquo;Allemagne va prolonger une nouvelle fois ses contr\u00f4les temporaires aux fronti\u00e8res, a annonc\u00e9 jeudi le ministre de l&rsquo;Int\u00e9rieur \u00e0 propos d&rsquo;<strong>une mesure destin\u00e9e \u00e0 lutter contre l&rsquo;immigration ill\u00e9gale<\/strong> qui a entra\u00een\u00e9 des frictions avec les pays voisins.<\/p>\n<p>\u00ab\u00a0Nous continuerons \u00e0 maintenir les contr\u00f4les aux fronti\u00e8res\u00a0\u00bb, a d\u00e9clar\u00e9 Alexander Dobrindt dans le podcast Table.Today.<\/p>\n<p><strong>Au nom de la \u00ab\u00a0s\u00e9curit\u00e9 int\u00e9rieure\u00a0\u00bb<\/strong>, l&rsquo;Allemagne avait r\u00e9tabli des contr\u00f4les temporaires \u00e0 toutes ses fronti\u00e8res le 16 septembre 2024, pour une dur\u00e9e de six mois.<\/p>\n<p>Juste avant les \u00e9lections l\u00e9gislatives de fin f\u00e9vrier, l&rsquo;ancien chancelier Olaf Scholz avait annonc\u00e9 la prolongation de la mesure pour un semestre suppl\u00e9mentaire, au grand dam des frontaliers.<\/p>\n<p><strong>En principe, de tels contr\u00f4les aux fronti\u00e8res int\u00e9rieures sont proscrits au sein de l&rsquo;Espace Schengen<\/strong>, mais en cas de menaces pour l&rsquo;ordre public ou la s\u00e9curit\u00e9, ils sont possibles pour une dur\u00e9e de six mois, avec prolongation pour une dur\u00e9e totale n&rsquo;exc\u00e9dant pas deux ans.<\/p>\n<p>\u00ab\u00a0Il s&rsquo;agit d&rsquo;une mesure n\u00e9cessaire jusqu&rsquo;\u00e0 ce que la protection des fronti\u00e8res ext\u00e9rieures (de l&rsquo;UE, ndlr) soit op\u00e9rationnelle\u00a0\u00bb, a justifi\u00e9 M. Dobrindt.<\/p>\n<p>Les contr\u00f4les avec le Luxembourg <a href=\"https:\/\/infos.rtl.lu\/actu\/frontieres\/a\/2325703.html\" target=\"_blank\" rel=\"noopener nofollow\">ont eux \u00e9t\u00e9 suspendus<\/a> sur les grands axes, notamment l&rsquo;A13, mais la circulation y est d\u00e9sormais limit\u00e9e <a href=\"https:\/\/infos.rtl.lu\/actu\/frontieres\/a\/2324912.html\" target=\"_blank\" rel=\"noopener nofollow\">pour cause de travaux<\/a>.<\/p>\n<p>Friedrich Merz en a fait une de ses priorit\u00e9s<\/p>\n<p>Le nouveau chancelier, le conservateur Friedrich Merz, a fait du durcissement de la politique migratoire une priorit\u00e9 pour enrayer la progression de l&rsquo;extr\u00eame droite.<\/p>\n<p>D\u00e8s son entr\u00e9e en fonction en mai, le gouvernement a instaur\u00e9 le refoulement de la plupart des demandeurs d&rsquo;asile aux fronti\u00e8res.<\/p>\n<p><strong>Une mesure depuis jug\u00e9e \u00ab\u00a0ill\u00e9gale\u00a0\u00bb par le tribunal administratif de Berlin<\/strong>, saisi par trois Somaliens refoul\u00e9s \u00e0 la fronti\u00e8re polonaise.<\/p>\n<p><strong>La mesure controvers\u00e9e a aussi provoqu\u00e9 des tensions avec Varsovie<\/strong>, qui accuse Berlin de lui renvoyer de nombreux migrants et a \u00e9galement temporairement r\u00e9introduit des contr\u00f4les avec son voisin d\u00e9but juillet.<\/p>\n<p>D&rsquo;apr\u00e8s les chiffres du minist\u00e8re de l&rsquo;Int\u00e9rieur communiqu\u00e9s \u00e0 l&rsquo;AFP, <strong>un total de 9.254 personnes ont \u00e9t\u00e9 refoul\u00e9es aux fronti\u00e8res <\/strong>entre le 8 mai et le 31 juillet.<\/p>\n<p>Cela \u00e9quivaut \u00e0 environ <strong>770 refoulements par semaine<\/strong>, soit un niveau \u00e9quivalent \u00e0 celui des mois pr\u00e9c\u00e9dant l&rsquo;instauration de la mesure. Mais M. Dobrindt insiste sur l&rsquo;effet de dissuasion \u00e0 long terme vis-\u00e0-vis des candidats \u00e0 l&rsquo;asile.<\/p>\n<p>L&rsquo;Allemagne va aussi organiser de nouveaux vols d&rsquo;expulsions vers l&rsquo;Afghanistan, affirme M. Dobrindt, apr\u00e8s avoir renvoy\u00e9 81 condamn\u00e9s afghans dans leur pays mi-juillet, une deuxi\u00e8me mesure de ce type depuis l&rsquo;\u00e9t\u00e9 2024.<\/p>\n<p>Ces expulsions sont \u00e9galement d\u00e9cri\u00e9es, notamment par l&rsquo;ONU, en raison du pouvoir taliban en place.<\/p>\n","protected":false},"excerpt":{"rendered":"Les contr\u00f4les frontaliers men\u00e9s par l&rsquo;Allemagne depuis un an vont se poursuivre. L&rsquo;Allemagne va prolonger une nouvelle fois&hellip;\n","protected":false},"author":2,"featured_media":302508,"comment_status":"","ping_status":"","sticky":false,"template":"","format":"standard","meta":{"footnotes":""},"categories":[1587],"tags":[11,672,1804,1805,1803,1777,674,1801,12,1802],"class_list":{"0":"post-302507","1":"post","2":"type-post","3":"status-publish","4":"format-standard","5":"has-post-thumbnail","7":"category-allemagne","8":"tag-actualites","9":"tag-allemagne","10":"tag-bundesrepublik-deutschland","11":"tag-de","12":"tag-deutschland","13":"tag-eu","14":"tag-europe","15":"tag-germany","16":"tag-news","17":"tag-republique-federale-dallemagne"},"share_on_mastodon":{"url":"https:\/\/pubeurope.com\/@fr\/114986975477981287","error":""},"_links":{"self":[{"href":"https:\/\/www.europesays.com\/fr\/wp-json\/wp\/v2\/posts\/302507","targetHints":{"allow":["GET"]}}],"collection":[{"href":"https:\/\/www.europesays.com\/fr\/wp-json\/wp\/v2\/posts"}],"about":[{"href":"https:\/\/www.europesays.com\/fr\/wp-json\/wp\/v2\/types\/post"}],"author":[{"embeddable":true,"href":"https:\/\/www.europesays.com\/fr\/wp-json\/wp\/v2\/users\/2"}],"replies":[{"embeddable":true,"href":"https:\/\/www.europesays.com\/fr\/wp-json\/wp\/v2\/comments?post=302507"}],"version-history":[{"count":0,"href":"https:\/\/www.europesays.com\/fr\/wp-json\/wp\/v2\/posts\/302507\/revisions"}],"wp:featuredmedia":[{"embeddable":true,"href":"https:\/\/www.europesays.com\/fr\/wp-json\/wp\/v2\/media\/302508"}],"wp:attachment":[{"href":"https:\/\/www.europesays.com\/fr\/wp-json\/wp\/v2\/media?parent=302507"}],"wp:term":[{"taxonomy":"category","embeddable":true,"href":"https:\/\/www.europesays.com\/fr\/wp-json\/wp\/v2\/categories?post=302507"},{"taxonomy":"post_tag","embeddable":true,"href":"https:\/\/www.europesays.com\/fr\/wp-json\/wp\/v2\/tags?post=302507"}],"curies":[{"name":"wp","href":"https:\/\/api.w.org\/{rel}","templated":true}]}}