{"id":302509,"date":"2025-08-07T10:19:11","date_gmt":"2025-08-07T10:19:11","guid":{"rendered":"https:\/\/www.europesays.com\/fr\/302509\/"},"modified":"2025-08-07T10:19:11","modified_gmt":"2025-08-07T10:19:11","slug":"record-de-secheresse-en-europe-et-sur-le-pourtour-mediterraneen-a-la-mi-juillet","status":"publish","type":"post","link":"https:\/\/www.europesays.com\/fr\/302509\/","title":{"rendered":"Record de s\u00e9cheresse en Europe et sur le pourtour m\u00e9diterran\u00e9en, \u00e0 la mi-juillet"},"content":{"rendered":"<p>Plus de la moiti\u00e9 des sols en Europe et sur le pourtour m\u00e9diterran\u00e9en \u00e9taient toujours affect\u00e9s par <a target=\"_self\" href=\"https:\/\/www.lanouvellerepublique.fr\/indre\/l-indre-fait-face-a-une-secheresse-intense-et-precoce-les-cours-d-eau-en-situation-critique-dans-le-sud-1752770016\" rel=\"nofollow noopener\">la s\u00e9cheresse sur la p\u00e9riode du 11 au 19\u00a0juillet 2025<\/a>, selon l\u2019analyse par l\u2019AFP des donn\u00e9es de l\u2019Observatoire europ\u00e9en de la s\u00e9cheresse (EDO). Ce taux de 51,9\u00a0%, sup\u00e9rieur de 21 points \u00e0 la moyenne 2012-2024, est le plus \u00e9lev\u00e9 enregistr\u00e9 \u00e0 cette p\u00e9riode de l\u2019ann\u00e9e depuis le d\u00e9but des observations en 2012. La proportion de sols touch\u00e9s est stable par rapport \u00e0 la premi\u00e8re dizaine de juillet.<\/p>\n<p>L\u2019indicateur de s\u00e9cheresse de l\u2019observatoire du programme europ\u00e9en Copernicus, bas\u00e9 sur des observations satellitaires, combine trois param\u00e8tres\u00a0: pr\u00e9cipitations, humidit\u00e9 des sols et \u00e9tat de la v\u00e9g\u00e9tation. Il se d\u00e9compose en trois niveaux de s\u00e9cheresse\u00a0: surveillance, avertissement et alerte.<\/p>\n<p>L\u2019Europe de l\u2019Est et les Balkans sont particuli\u00e8rement concern\u00e9s. En Serbie, o\u00f9 la quasi-totalit\u00e9 (99\u00a0%) des sols manque d\u2019eau, le taux d\u2019alerte atteint 68\u00a0%. Une situation qui inqui\u00e8te les producteurs de framboises, dont le pays est un des plus gros exportateurs. Plus de la moiti\u00e9 des sols de Hongrie, Bulgarie et Roumanie sont aussi en situation d\u2019alerte, avec des taux respectifs de 63\u00a0%, 52\u00a0% et 51\u00a0%.<\/p>\n<p>Une situation qui s\u2019aggrave<\/p>\n<p>En Europe de l\u2019Ouest, la situation s\u2019est aggrav\u00e9e par rapport \u00e0 la premi\u00e8re dizaine du mois de juillet. Avec 21\u00a0% de ses sols en alerte, le Royaume-Uni continue de subir une forte s\u00e9cheresse, dans la continuit\u00e9 d\u2019un printemps historiquement chaud. En Allemagne, la part du pays en alerte a fortement augment\u00e9, passant de 9\u00a0% \u00e0 26\u00a0% entre la premi\u00e8re et la deuxi\u00e8me dizaine de juillet. En France, ce taux atteint 19\u00a0%, surtout dans l\u2019ouest du pays. Cette s\u00e9cheresse favorise les incendies, comme <a target=\"_self\" href=\"https:\/\/www.lanouvellerepublique.fr\/a-la-une\/l-aude-sur-le-qui-vive-face-a-un-incendie-toujours-actif-d-une-ampleur-inedite-1754550738\" rel=\"nofollow noopener\">le feu historique et meurtrier qui s\u2019est d\u00e9clar\u00e9 mardi dans l\u2019Aude<\/a>, dans le sud de la France.<\/p>\n<p>La Turquie n\u2019est pas non plus \u00e9pargn\u00e9e par le manque d\u2019eau\u00a0: plus des trois quarts du pays (76\u00a0%) est confront\u00e9 \u00e0 la s\u00e9cheresse. Le taux d\u2019alerte atteint 18\u00a0%. Dans la r\u00e9gion d\u2019Izmir, dans l\u2019Ouest, cette s\u00e9cheresse renforce les conflits d\u2019usage autour de l\u2019eau entre touristes et habitants. Un probl\u00e8me qui se pose dans d\u2019autres pays du pourtour m\u00e9diterran\u00e9en, qui concentrent 30\u00a0% du tourisme mondial et conna\u00eetront selon les climatologues une chute des pr\u00e9cipitations au cours des prochaines d\u00e9cennies.<\/p>\n<p>\u00c0 l\u2019inverse, le Portugal et l\u2019Espagne restent relativement pr\u00e9serv\u00e9s avec des taux de s\u00e9cheresse faibles (10\u00a0% et 7\u00a0%).<\/p>\n","protected":false},"excerpt":{"rendered":"Plus de la moiti\u00e9 des sols en Europe et sur le pourtour m\u00e9diterran\u00e9en \u00e9taient toujours affect\u00e9s par la&hellip;\n","protected":false},"author":2,"featured_media":302510,"comment_status":"","ping_status":"","sticky":false,"template":"","format":"standard","meta":{"footnotes":""},"categories":[1586],"tags":[328,11,436,1777,674,1011,27,329,74,12,25,12817],"class_list":{"0":"post-302509","1":"post","2":"type-post","3":"status-publish","4":"format-standard","5":"has-post-thumbnail","7":"category-europe","8":"tag-a-la-une","9":"tag-actualites","10":"tag-environnement","11":"tag-eu","12":"tag-europe","13":"tag-fr","14":"tag-france","15":"tag-france-monde","16":"tag-monde","17":"tag-news","18":"tag-republique-francaise","19":"tag-secheresse"},"share_on_mastodon":{"url":"https:\/\/pubeurope.com\/@fr\/114986979421737333","error":""},"_links":{"self":[{"href":"https:\/\/www.europesays.com\/fr\/wp-json\/wp\/v2\/posts\/302509","targetHints":{"allow":["GET"]}}],"collection":[{"href":"https:\/\/www.europesays.com\/fr\/wp-json\/wp\/v2\/posts"}],"about":[{"href":"https:\/\/www.europesays.com\/fr\/wp-json\/wp\/v2\/types\/post"}],"author":[{"embeddable":true,"href":"https:\/\/www.europesays.com\/fr\/wp-json\/wp\/v2\/users\/2"}],"replies":[{"embeddable":true,"href":"https:\/\/www.europesays.com\/fr\/wp-json\/wp\/v2\/comments?post=302509"}],"version-history":[{"count":0,"href":"https:\/\/www.europesays.com\/fr\/wp-json\/wp\/v2\/posts\/302509\/revisions"}],"wp:featuredmedia":[{"embeddable":true,"href":"https:\/\/www.europesays.com\/fr\/wp-json\/wp\/v2\/media\/302510"}],"wp:attachment":[{"href":"https:\/\/www.europesays.com\/fr\/wp-json\/wp\/v2\/media?parent=302509"}],"wp:term":[{"taxonomy":"category","embeddable":true,"href":"https:\/\/www.europesays.com\/fr\/wp-json\/wp\/v2\/categories?post=302509"},{"taxonomy":"post_tag","embeddable":true,"href":"https:\/\/www.europesays.com\/fr\/wp-json\/wp\/v2\/tags?post=302509"}],"curies":[{"name":"wp","href":"https:\/\/api.w.org\/{rel}","templated":true}]}}