{"id":302513,"date":"2025-08-07T10:21:10","date_gmt":"2025-08-07T10:21:10","guid":{"rendered":"https:\/\/www.europesays.com\/fr\/302513\/"},"modified":"2025-08-07T10:21:10","modified_gmt":"2025-08-07T10:21:10","slug":"le-kremlin-confirme-une-rencontre-trump-poutine-la-semaine-prochaine-liberation","status":"publish","type":"post","link":"https:\/\/www.europesays.com\/fr\/302513\/","title":{"rendered":"Le Kremlin confirme une rencontre Trump-Poutine la semaine prochaine \u2013 Lib\u00e9ration"},"content":{"rendered":"<p class=\"sc-ksZaOG ehjQrN text-element\">Donald Trump et Vladimir Poutine se rencontreront en t\u00eate-\u00e0-t\u00eate \u00abdans les prochains jours\u00bb. Le conseiller diplomatique du pr\u00e9sident russe Iouri Ouchakov en a fait l\u2019annonce, selon les agences de presse russes, jeudi 7 ao\u00fbt, faisant droit \u00ab\u00e0 la suggestion de la partie am\u00e9ricaine\u00bb. \u00abUn accord de principe a \u00e9t\u00e9 conclu pour organiser un sommet bilat\u00e9ral dans les prochains jours\u00bb, a d\u00e9clar\u00e9 le sherpa, ajoutant que la Russie n\u2019avait en revanche pas r\u00e9pondu \u00e0 l\u2019id\u00e9e am\u00e9ricaine d\u2019une rencontre tripartite en compagnie de Volodymyr Zelensky.<\/p>\n<p class=\"sc-ksZaOG ehjQrN text-element\">Mercredi 6 ao\u00fbt, dans la foul\u00e9e <a href=\"https:\/\/www.liberation.fr\/international\/europe\/guerre-en-ukraine-lemissaire-de-donald-trump-a-rencontre-vladimir-poutine-en-russie-20250806_MYEHS7EMD5D7VEJPVDA7VBMXXQ\/\" target=\"_blank\" rel=\"noreferrer noopener\" title=\"https:\/\/www.liberation.fr\/international\/europe\/guerre-en-ukraine-lemissaire-de-donald-trump-a-rencontre-vladimir-poutine-en-russie-20250806_MYEHS7EMD5D7VEJPVDA7VBMXXQ\/\">d\u2019une nouvelle r\u00e9ception de son \u00e9missaire Steve Witkoff au Kremlin,<\/a> le pr\u00e9sident am\u00e9ricain avait annonc\u00e9 \u00e0 certains de ses alli\u00e9s europ\u00e9ens son intention de dialoguer en personne avec son homologue russe autour de la r\u00e9solution du conflit en Ukraine, avant de jouer les m\u00e9diateurs solo lors d\u2019un sommet \u00e0 trois avec Volodymyr Zelensky. <\/p>\n<p class=\"sc-ksZaOG ehjQrN text-element\">Interrog\u00e9 mercredi soir sur cette perspective, Donald Trump a jug\u00e9 mercredi qu\u2019il y avait \u00abune bonne chance qu\u2019il y ait une r\u00e9union tr\u00e8s bient\u00f4t\u00bb avec Poutine et Zelensky, sans plus de pr\u00e9cisions, ni vouloir s\u2019\u00e9tendre sur la probabilit\u00e9 d\u2019un accord mettant fin \u00e0 la guerre en Ukraine, ajoutant: <a href=\"https:\/\/www.liberation.fr\/international\/amerique\/guerre-en-ukraine-trump-en-aurait-il-enfin-assez-de-poutine-20250712_62IZK4MPF5DMZOTFTIDTG3CEXI\/\" target=\"_blank\" rel=\"noreferrer noopener\" title=\"https:\/\/www.liberation.fr\/international\/amerique\/guerre-en-ukraine-trump-en-aurait-il-enfin-assez-de-poutine-20250712_62IZK4MPF5DMZOTFTIDTG3CEXI\/\">\u00abCelui-l\u00e0 m\u2019a d\u00e9j\u00e0 d\u00e9\u00e7u dans le pass\u00e9\u00bb,<\/a> dans une r\u00e9f\u00e9rence apparente \u00e0 son homologue du Kremlin.<\/p>\n<p class=\"sc-ksZaOG ehjQrN text-element\">\u00abLes Russes ont exprim\u00e9 leur d\u00e9sir de rencontrer le pr\u00e9sident Trump, et le pr\u00e9sident est pr\u00eat \u00e0 rencontrer \u00e0 la fois le pr\u00e9sident Poutine et le pr\u00e9sident Zelensky, avait pr\u00e9alablement communiqu\u00e9 la porte-parole de la Maison Blanche, Karoline Leavitt. Le pr\u00e9sident Trump veut que cette guerre brutale prenne fin\u00bb. <\/p>\n<p class=\"sc-ksZaOG ehjQrN text-element\">Ni le calendrier ni le lieu de telles rencontres qui, pr\u00e9sentent un d\u00e9fi logistico-s\u00e9curitaire majeur, ne sont connus \u00e0 cette heure. Tout juste une modalit\u00e9 de taille : les dirigeants du Vieux Continent n\u2019y seront pas convi\u00e9s. Ceux pr\u00e9sents lors de l\u2019appel de Trump r\u00e9v\u00e9l\u00e9 par le New York Times \u2013 le Premier ministre britannique Keir Starmer, le chancelier allemand Friedrich Merz, le pr\u00e9sident finlandais Alexander Stubb et le secr\u00e9taire g\u00e9n\u00e9ral de l\u2019OTAN Mark Rutte \u2013 auraient \u00e9t\u00e9 pri\u00e9s d\u2019accepter cette mise \u00e0 l\u2019\u00e9cart sans broncher. \u00abTout le monde est d\u2019accord que cette guerre doit s\u2019arr\u00eater\u00bb, s\u2019est content\u00e9 de poster Trump, sur son r\u00e9seau Truth Social, en guise de compte-rendu de la conversation.<\/p>\n<p class=\"sc-ksZaOG ehjQrN text-element\">Cette soudaine acc\u00e9l\u00e9ration diplomatique intervient \u00e0 deux jours de l\u2019expiration de <a href=\"https:\/\/www.liberation.fr\/international\/europe\/ukraine-donald-trump-donne-10-a-12-jours-a-poutine-pour-mettre-fin-a-la-guerre-20250728_FVT7QUJEAZBITBLRG2FETZDV2M\/\" target=\"_blank\" rel=\"noreferrer noopener\" title=\"https:\/\/www.liberation.fr\/international\/europe\/ukraine-donald-trump-donne-10-a-12-jours-a-poutine-pour-mettre-fin-a-la-guerre-20250728_FVT7QUJEAZBITBLRG2FETZDV2M\/\">l\u2019ultimatum lanc\u00e9 par Washington \u00e0 Moscou \u2013 cessez-le-feu<\/a> ou sanctions d\u00e8s vendredi. Un timing qui pourrait sugg\u00e9rer que Poutine a enfin l\u00e2ch\u00e9 du lest lors de son entretien avec Witkoff, d\u00e9crit par Trump comme \u00abtr\u00e8s productif\u00bb et riche de \u00abgrandes avanc\u00e9es\u00bb. Mais d\u2019ici \u00e0 ce que celles-ci se mat\u00e9rialisent, Trump affirme vouloir passer aux actes sur le front des sanctions secondaires. <\/p>\n<p class=\"sc-ksZaOG ehjQrN text-element\"><a href=\"https:\/\/www.liberation.fr\/international\/en-reponse-a-lachat-continu-de-petrole-russe-trump-ajoute-25-de-droits-de-douane-supplementaires-sur-les-produits-indiens-20250806_LGMLGGD2TRBUPI64TINOVTSPUM\/\" target=\"_blank\" rel=\"noreferrer noopener\" title=\"https:\/\/www.liberation.fr\/international\/en-reponse-a-lachat-continu-de-petrole-russe-trump-ajoute-25-de-droits-de-douane-supplementaires-sur-les-produits-indiens-20250806_LGMLGGD2TRBUPI64TINOVTSPUM\/\">L\u2019Inde fait les frais de cette nouvelle fermet\u00e9,<\/a> avec un doublement des droits de douane sur ses exportations vers les Etats-Unis, de 25 \u00e0 50%, cens\u00e9 entrer en vigueur dans trois semaines, si l\u2019on en croit le d\u00e9cret publi\u00e9 mercredi, peu apr\u00e8s le d\u00e9part de Witkoff, o\u00f9 la Maison Blanche mart\u00e8le que \u00ables actions de la Russie continuent de poser une menace extraordinaire\u00bb. La Chine, autre gros client de l\u2019or noir moscovite, est dans le viseur mais b\u00e9n\u00e9ficie pour l\u2019instant d\u2019un sursis \u2013 les n\u00e9gociations commerciales sino-am\u00e9ricaines battent leur plein et Trump semble vouloir les m\u00e9nager.<\/p>\n<p class=\"sc-ksZaOG ehjQrN text-element\">Peu apr\u00e8s, le chef de la diplomatie am\u00e9ricaine Marco Rubio a affirm\u00e9 mercredi qu\u2019il restait \u00abencore beaucoup de travail\u00bb avant une \u00e9ventuelle rencontre entre le pr\u00e9sident am\u00e9ricain Donald Trump et son homologue russe Vladimir Poutine pour mettre fin \u00e0 la guerre en Ukraine : \u00abAujourd\u2019hui a \u00e9t\u00e9 une bonne journ\u00e9e, mais nous avons encore beaucoup de travail devant nous. Il reste de nombreux obstacles \u00e0 surmonter, et nous esp\u00e9rons y parvenir au cours des prochains jours et des prochaines heures, semaines peut-\u00eatre\u00bb, a-t-il d\u00e9clar\u00e9 sur la cha\u00eene Fox Business. <\/p>\n<p class=\"sc-ksZaOG ehjQrN text-element\">Pendant ce temps, le d\u00e9sastre meurtrier du conflit se poursuit. Mercredi matin, des frappes de drones russes ont fait trois morts dans la r\u00e9gion de Zaporijia et plusieurs bless\u00e9s \u00e0 Kherson. \u00abAucun sens militaire dans ces frappes \u2013 juste de la cruaut\u00e9 visant \u00e0 instiller la peur\u00bb, a d\u00e9nonc\u00e9 Volodymyr Zelensky sur X. Plus de 6 700 civils Ukrainiens ont ainsi \u00e9t\u00e9 tu\u00e9s depuis le d\u00e9but de l\u2019ann\u00e9e, selon le d\u00e9compte des Nations Unies. <\/p>\n<p class=\"sc-ksZaOG ehjQrN text-element\"><b>Mis \u00e0 jour \u00e0 10h53 <\/b>avec l\u2019accord de la Russie pour une rencontre avec Trump.<\/p>\n","protected":false},"excerpt":{"rendered":"Donald Trump et Vladimir Poutine se rencontreront en t\u00eate-\u00e0-t\u00eate \u00abdans les prochains jours\u00bb. Le conseiller diplomatique du pr\u00e9sident&hellip;\n","protected":false},"author":2,"featured_media":302514,"comment_status":"","ping_status":"","sticky":false,"template":"","format":"standard","meta":{"footnotes":""},"categories":[2],"tags":[11,75,73,1011,27,12,25,132,220,297,135,134],"class_list":{"0":"post-302513","1":"post","2":"type-post","3":"status-publish","4":"format-standard","5":"has-post-thumbnail","7":"category-actualites","8":"tag-actualites","9":"tag-donald-trump","10":"tag-etats-unis","11":"tag-fr","12":"tag-france","13":"tag-news","14":"tag-republique-francaise","15":"tag-russie","16":"tag-ukraine","17":"tag-ukraine-la-crise","18":"tag-vladimir-poutine","19":"tag-volodymyr-zelensky"},"share_on_mastodon":{"url":"https:\/\/pubeurope.com\/@fr\/114986987318218647","error":""},"_links":{"self":[{"href":"https:\/\/www.europesays.com\/fr\/wp-json\/wp\/v2\/posts\/302513","targetHints":{"allow":["GET"]}}],"collection":[{"href":"https:\/\/www.europesays.com\/fr\/wp-json\/wp\/v2\/posts"}],"about":[{"href":"https:\/\/www.europesays.com\/fr\/wp-json\/wp\/v2\/types\/post"}],"author":[{"embeddable":true,"href":"https:\/\/www.europesays.com\/fr\/wp-json\/wp\/v2\/users\/2"}],"replies":[{"embeddable":true,"href":"https:\/\/www.europesays.com\/fr\/wp-json\/wp\/v2\/comments?post=302513"}],"version-history":[{"count":0,"href":"https:\/\/www.europesays.com\/fr\/wp-json\/wp\/v2\/posts\/302513\/revisions"}],"wp:featuredmedia":[{"embeddable":true,"href":"https:\/\/www.europesays.com\/fr\/wp-json\/wp\/v2\/media\/302514"}],"wp:attachment":[{"href":"https:\/\/www.europesays.com\/fr\/wp-json\/wp\/v2\/media?parent=302513"}],"wp:term":[{"taxonomy":"category","embeddable":true,"href":"https:\/\/www.europesays.com\/fr\/wp-json\/wp\/v2\/categories?post=302513"},{"taxonomy":"post_tag","embeddable":true,"href":"https:\/\/www.europesays.com\/fr\/wp-json\/wp\/v2\/tags?post=302513"}],"curies":[{"name":"wp","href":"https:\/\/api.w.org\/{rel}","templated":true}]}}