{"id":30252,"date":"2025-04-16T23:37:15","date_gmt":"2025-04-16T23:37:15","guid":{"rendered":"https:\/\/www.europesays.com\/fr\/30252\/"},"modified":"2025-04-16T23:37:15","modified_gmt":"2025-04-16T23:37:15","slug":"50-hectares-brules-pres-dun-camp-militaire","status":"publish","type":"post","link":"https:\/\/www.europesays.com\/fr\/30252\/","title":{"rendered":"50 hectares br\u00fbl\u00e9s pr\u00e8s d&rsquo;un camp militaire"},"content":{"rendered":"<p>            Par<br \/>\n        <strong><br \/>\n            <a href=\"https:\/\/actu.fr\/auteur\/remi-charrondiere\" title=\"Consulter tous les articles de R\u00e9mi Charrondi\u00e8re\" rel=\"nofollow noopener\" target=\"_blank\">R\u00e9mi Charrondi\u00e8re<\/a><br \/>\n        <\/strong><\/p>\n<p>        Publi\u00e9 le<\/p>\n<p>            16 avr. 2025 \u00e0 17h46<br \/>\n        ; mis \u00e0 jour le 16 avr. 2025 \u00e0 21h48    <\/p>\n<p><b>[Mise \u00e0 jour 21 h 30]<\/b><\/p>\n<p class=\" wall-content\">Un <b>incendie <\/b>est en cours aux abords de l\u2019\u00e9tang <b>d\u2019Ou\u00e9e<\/b>, \u00e0 <a href=\"https:\/\/actu.fr\/bretagne\/gosne_35121\" rel=\"nofollow noopener\" target=\"_blank\">Gosn\u00e9<\/a>, entre <b>Rennes <\/b>et <a href=\"https:\/\/actu.fr\/bretagne\/fougeres_35115\/\" rel=\"nofollow noopener\" target=\"_blank\">Foug\u00e8res<\/a> (Ille-et-Vilaine).<\/p>\n<p class=\" wall-content\">Les <b>pompiers <\/b>interviennent depuis <b>15\u2009h\u200919<\/b> et ont d\u00e9ploy\u00e9 <b>d\u2019importants <\/b>moyens pour <b>lutter <\/b>contre les flammes.<\/p>\n<p>150 pompiers engag\u00e9s<\/p>\n<p class=\" wall-content\">\u00c0 21h30, <b>150 soldats du feu<\/b> sont engag\u00e9s sur cette intervention, avec <b>cinq groupes d\u2019intervention<\/b> feu de for\u00eat.<\/p>\n<p>      <img   decoding=\"async\" loading=\"lazy\" class=\"size-large\" src=\"https:\/\/www.europesays.com\/fr\/wp-content\/uploads\/2025\/04\/814f8870dff76b54f8870dff7b94f8v-960x640.jpg\" alt=\"L'incendie se situe sur la rive nord de l'\u00e9tang d'Ou\u00e9e, \u00e0 Gosn\u00e9 (Ille-et-Vilaine).\" width=\"960\" height=\"640\"\/><br \/>\n    L\u2019incendie se situe sur la rive nord de l\u2019\u00e9tang d\u2019Ou\u00e9e, \u00e0 Gosn\u00e9 (Ille-et-Vilaine). \u00a9R\u00e9mi Charrondi\u00e8re \/ La Chronique R\u00e9publicaine<\/p>\n<p class=\" wall-content\">\u00ab\u00a0Un <b>groupe<\/b> d\u2019intervention feu de for\u00eat repr\u00e9sente quatre camions <b>citernes<\/b> et un v\u00e9hicule hors chemin\u00a0\u00bb, indique le SDIS (service d\u00e9partemental d\u2019incendie et de secours). <b>20 camions citernes<\/b> et cinq v\u00e9hicules hors chemin sont donc d\u00e9ploy\u00e9s, de m\u00eame que des engins d\u2019appui et un <b>drone<\/b>.\u00a0<\/p>\n<p class=\" wall-content\">\n<p>Vid\u00e9os : en ce moment sur Actu<\/p>\n<p class=\" wall-content\">Les <b>militaires<\/b> sont par ailleurs mobilis\u00e9s, en raison de l\u2019impact de l\u2019incendie sur le camp du 11e RAMa.<\/p>\n<p class=\" wall-content\">Des terrains relevant de <b>l\u2019Office national de la for\u00eat<\/b> (ONF) sont aussi concern\u00e9s.<\/p>\n<p class=\" wall-content\"><b>Gendarmerie<\/b> et militaires sont sur place pour <b>interdire<\/b> l\u2019acc\u00e8s au site touch\u00e9 par les flammes.<\/p>\n<p>      <img   decoding=\"async\" loading=\"lazy\" class=\"size-large\" src=\"https:\/\/www.europesays.com\/fr\/wp-content\/uploads\/2025\/04\/c75bb5b2dff76bb5bb5b2dff79f5bbv-960x640.jpg\" alt=\"Un impressionnant nuage de fum\u00e9e.\" width=\"960\" height=\"640\"\/><br \/>\n    Un impressionnant nuage de fum\u00e9e. \u00a9R\u00e9mi Charrondi\u00e8re \/ La Chronique R\u00e9publicaine50 hectares brul\u00e9s<\/p>\n<p class=\" wall-content\">Le feu a d\u00e9marr\u00e9 sur une <b>bande d\u2019herbe <\/b>de 50\u00a0m\u00e8tres et s\u2019est rapidement <b>propag\u00e9 <\/b>aux alentours.<\/p>\n<p class=\" wall-content\">Il est localis\u00e9 sur la rive nord de l\u2019\u00e9tang, form\u00e9e de sous-bois et de quelques r\u00e9sineux. Le feu profite, semble-t-il, du <b>vent soutenu<\/b> soufflant depuis cet apr\u00e8s-midi.<\/p>\n<p>    <a href=\"https:\/\/www.google.com\/maps\/embed?pb=!1m18!1m12!1m3!1d5227.217255767343!2d-1.4707600001597967!3d48.264297956972335!2m3!1f0!2f0!3f0!3m2!1i1024!2i768!4f13.1!3m3!1m2!1s0x480ece5de5f13d29%3A0xa599a0235ca0eb7f!2zw4l0YW5nIGQnT3XDqWU!5e1!3m2!1sfr!2sfr!4v1744815520408!5m2!1sfr!2sfr\" title=\"Ouvrie le lien\" rel=\"nofollow noopener\" target=\"_blank\">Cliquez ici pour visualiser le contenu<\/a><\/p>\n<p class=\" wall-content\">Une <b>fum\u00e9e<\/b> tr\u00e8s \u00e9paisse se d\u00e9gage, visible des environs et \u00e0 <b>21h30<\/b>, les pompiers annoncent une <b>surface br\u00fbl\u00e9e<\/b> qu\u2019ils estiment \u00e0 <b>50 hectares<\/b>. L\u2019incendie est \u00e0 cette heure-ci <b>contenu<\/b>.<\/p>\n<p class=\" wall-content\">De nombreux <b>curieux<\/b> observent l\u2019\u00e9volution de l\u2019incendie, depuis son d\u00e9marrage, \u00e0 partir de la <b>rive sud <\/b>de l\u2019\u00e9tang.<\/p>\n<p class=\" wall-content\">Suivez toute l\u2019actualit\u00e9 de vos villes et m\u00e9dias favoris en vous inscrivant \u00e0 <a href=\"https:\/\/moncompte.actu.fr\" title=\"D\u00e9couvez Mon Actu\" rel=\"nofollow noopener\" data-trk=\"{&quot;cta&quot;:{&quot;action&quot;:&quot;https:\\\/\\\/moncompte.actu.fr&quot;,&quot;category&quot;:&quot;mon compte&quot;,&quot;from&quot;:&quot;article footer&quot;,&quot;name&quot;:&quot;Mon actu&quot;,&quot;type&quot;:&quot;cta&quot;}}\" target=\"_blank\">Mon Actu<\/a>.<\/p>\n","protected":false},"excerpt":{"rendered":"Par R\u00e9mi Charrondi\u00e8re Publi\u00e9 le 16 avr. 2025 \u00e0 17h46 ; mis \u00e0 jour le 16 avr. 2025&hellip;\n","protected":false},"author":2,"featured_media":30253,"comment_status":"","ping_status":"","sticky":false,"template":"","format":"standard","meta":{"footnotes":""},"categories":[2821],"tags":[1111,11,829,1777,674,118,1011,27,1310,12,1311,584,25],"class_list":{"0":"post-30252","1":"post","2":"type-post","3":"status-publish","4":"format-standard","5":"has-post-thumbnail","7":"category-rennes","8":"tag-actu","9":"tag-actualites","10":"tag-bretagne","11":"tag-eu","12":"tag-europe","13":"tag-faits-divers","14":"tag-fr","15":"tag-france","16":"tag-incendie","17":"tag-news","18":"tag-pompiers","19":"tag-rennes","20":"tag-republique-francaise"},"share_on_mastodon":{"url":"https:\/\/pubeurope.com\/@fr\/114350276181830067","error":""},"_links":{"self":[{"href":"https:\/\/www.europesays.com\/fr\/wp-json\/wp\/v2\/posts\/30252","targetHints":{"allow":["GET"]}}],"collection":[{"href":"https:\/\/www.europesays.com\/fr\/wp-json\/wp\/v2\/posts"}],"about":[{"href":"https:\/\/www.europesays.com\/fr\/wp-json\/wp\/v2\/types\/post"}],"author":[{"embeddable":true,"href":"https:\/\/www.europesays.com\/fr\/wp-json\/wp\/v2\/users\/2"}],"replies":[{"embeddable":true,"href":"https:\/\/www.europesays.com\/fr\/wp-json\/wp\/v2\/comments?post=30252"}],"version-history":[{"count":0,"href":"https:\/\/www.europesays.com\/fr\/wp-json\/wp\/v2\/posts\/30252\/revisions"}],"wp:featuredmedia":[{"embeddable":true,"href":"https:\/\/www.europesays.com\/fr\/wp-json\/wp\/v2\/media\/30253"}],"wp:attachment":[{"href":"https:\/\/www.europesays.com\/fr\/wp-json\/wp\/v2\/media?parent=30252"}],"wp:term":[{"taxonomy":"category","embeddable":true,"href":"https:\/\/www.europesays.com\/fr\/wp-json\/wp\/v2\/categories?post=30252"},{"taxonomy":"post_tag","embeddable":true,"href":"https:\/\/www.europesays.com\/fr\/wp-json\/wp\/v2\/tags?post=30252"}],"curies":[{"name":"wp","href":"https:\/\/api.w.org\/{rel}","templated":true}]}}