{"id":302520,"date":"2025-08-07T10:25:12","date_gmt":"2025-08-07T10:25:12","guid":{"rendered":"https:\/\/www.europesays.com\/fr\/302520\/"},"modified":"2025-08-07T10:25:12","modified_gmt":"2025-08-07T10:25:12","slug":"a-90-je-serai-au-mondial-earvin-ngapeth-fait-tout-pour-etre-pret-pour-le-rendez-vous-des-bleus-en-septembre-lequipe","status":"publish","type":"post","link":"https:\/\/www.europesays.com\/fr\/302520\/","title":{"rendered":"\u00ab \u00c0 90 %, je serai au Mondial \u00bb : Earvin Ngapeth fait tout pour \u00eatre pr\u00eat pour le rendez-vous des Bleus en septembre &#8211; L&#039;\u00c9quipe"},"content":{"rendered":"<ol>\n<li><a href=\"https:\/\/news.google.com\/rss\/articles\/CBMi_gFBVV95cUxNQXo4eFlZRk1teTFuS0NheEtJX3hKaVpYUzVtLXVaUDZBc0lmUWVwdkU2YVduVVJWSUtUUVB6WUVWQlJ3WUx1MzF1bWluWjMtMHVmbmt4TU50VmpRRHQ4OFVmLWNmMUluVFd3UDB3MVlxSTBucWpmMnZnc21YTElOdk1SNkNGdVFTQ0dnWmFpMkJ1Z1p0a04wY3lpOTZIMTJBYWdLeVF0UTBfUFRESXdJLWJnVXVTSUl4c3FVTFI1N20ybTF1QjIzeVdxRF96Q25wRXBqd0xKRGdRTFllZnRTWm1FRFluNi1Oc1BYelJrMlZaVTlDaTlmYmNSXzZFZw?oc=5\" target=\"_blank\" rel=\"nofollow noopener\">\u00ab \u00c0 90 %, je serai au Mondial \u00bb : Earvin Ngapeth fait tout pour \u00eatre pr\u00eat pour le rendez-vous des Bleus en septembre<\/a>&nbsp;&nbsp;L&rsquo;\u00c9quipe<\/li>\n<li><a href=\"https:\/\/news.google.com\/rss\/articles\/CBMiwgFBVV95cUxPdThXbVNPSFpmY0IxZHM5bkVtUlcxVVFKb0hnLXdycmNMSllPNDB4LTh1aFAzQllxc2pWNzItc2x1TDhuVnVwbnZac2xycDVlWVdINlRmTHVNcWVza1dDdGZNV3FHemZ0aWVIZ1FHajJLRzBoWXFPcWhZbzdpcEhRWWE0VHFlajM4SzNDbVVUYlBnaGRTVk9fejBRNE1CTXIyZUhhU0Fxcll5UjZxbXI1SHY5NVJMWUtLVTFVUmtqMDRsd9IBwAFBVV95cUxOaWdGZUNUbURRUmJUcW9YeVJ2b1ZyRzdfT09OTEplVWVMM1RfOTRxMmRiTkV1cVdFNl9RWGZzaUxxZjRLZzRQVEE3b1dZWUZ2ekI4NkRYS1I3WWZRS3U0MDc5ZUVRUDNvcjI1UFRrUjREelFra3BMb3pRVE5tQkZEdVRzX0pVY0xVWEJqWWFUX2NBaDhiT1JYZ0V4ckZBc3RtLWtvLWszUllfOENjWW02SC1UU01Bcy15U0hmbEhCRUI?oc=5\" target=\"_blank\" rel=\"nofollow noopener\">Bleus : Ngapeth quasiment certain d&rsquo;\u00eatre l\u00e0 pour le Mondial<\/a>&nbsp;&nbsp;Orange Actualit\u00e9s | Sports<\/li>\n<li><a href=\"https:\/\/news.google.com\/rss\/articles\/CBMi1AFBVV95cUxQU0UxajVTa1E4RmFZU1hDMGZPcFRlSDNsOWpuSF82WU4tanJYZ29Mbk9TdGgxbk9INkdXN1hVdXBHQU9Ya3VIY25WUGs5R2c4cGNldmF1cGY1cnExRW5xakZPeGFYS1ZKUERIcF91SjRKY1gxUklCSVMwcUFDZXd1VE40UEV0a3BBZndzQXBoeF9zcUcwempMdGFYaVI2bHlicjZ5UVJ5TVd5Tnp3dGNNcVlDQnM3dG1WSzIwZ1hTMmdNT1prcldubE5XU29fam54aWJ4UA?oc=5\" target=\"_blank\" rel=\"nofollow noopener\">Championnat du monde de volleyball 2025 : Earvin Ngapeth est confiant pour sa participation au Mondial 2025<\/a>&nbsp;&nbsp;Olympics.com<\/li>\n<li><a href=\"https:\/\/news.google.com\/rss\/articles\/CBMinwFBVV95cUxNblBaS3FoYnFBQVpOam9aNm51cFNYNERIVE9STVFXMGpkdjMwa2pCdTlubnFuRWhRbklGOEFVQTF1YWJsaU9ibUcyV3B6bHZjMTNSOU9KWjNZS3N5U2NMNjVfYVZ0WHc1LWE2R1BrSUNEQVc1YkhVT0hwWGZMenFjdlpZN0ZFbWNnclJpc1lUSWVYN1RUZ1ZndGVlcl9NV0E?oc=5\" target=\"_blank\" rel=\"nofollow noopener\">Earvin Ngapeth se bat pour \u00eatre pr\u00eat \u00e0 temps pour le Mondial de volley<\/a>&nbsp;&nbsp;lesinguliersete.fr<\/li>\n<li><a href=\"https:\/\/news.google.com\/rss\/articles\/CBMiqwFBVV95cUxPX3pubXBiR2tFckxxdWxGR2ZLUlF0X05XdU5pd18xcmZ4aVZjWEF0TE5CdThoVWs5UEV4dThtNk9xM1NMcEVfd0daaHZzRmZoSEg2NWJYVnZYYnVjWlFHOC1oaHNpSXp1dVpwV3hoQmc1TFVHeHJTdnlrQVdEUHVhejlic2pjOTRNVXJmVjk2ZGZQYzRnZ0NWelUybEVLR0pHWUFnVW1fWTdOWUU?oc=5\" target=\"_blank\" rel=\"nofollow noopener\">Les Bleus \u00e0 Cannes d\u00e8s lundi pour pr\u00e9parer le Mondial<\/a>&nbsp;&nbsp;L&rsquo;\u00c9quipe<\/li>\n<\/ol>\n","protected":false},"excerpt":{"rendered":"\u00ab \u00c0 90 %, je serai au Mondial \u00bb : Earvin Ngapeth fait tout pour \u00eatre pr\u00eat pour&hellip;\n","protected":false},"author":2,"featured_media":1445,"comment_status":"","ping_status":"","sticky":false,"template":"","format":"standard","meta":{"footnotes":""},"categories":[1417],"tags":[1011,27,60,1470,1469],"class_list":{"0":"post-302520","1":"post","2":"type-post","3":"status-publish","4":"format-standard","5":"has-post-thumbnail","7":"category-volley","8":"tag-fr","9":"tag-france","10":"tag-sports","11":"tag-volley","12":"tag-volleyball"},"share_on_mastodon":{"url":"https:\/\/pubeurope.com\/@fr\/114987003003013694","error":""},"_links":{"self":[{"href":"https:\/\/www.europesays.com\/fr\/wp-json\/wp\/v2\/posts\/302520","targetHints":{"allow":["GET"]}}],"collection":[{"href":"https:\/\/www.europesays.com\/fr\/wp-json\/wp\/v2\/posts"}],"about":[{"href":"https:\/\/www.europesays.com\/fr\/wp-json\/wp\/v2\/types\/post"}],"author":[{"embeddable":true,"href":"https:\/\/www.europesays.com\/fr\/wp-json\/wp\/v2\/users\/2"}],"replies":[{"embeddable":true,"href":"https:\/\/www.europesays.com\/fr\/wp-json\/wp\/v2\/comments?post=302520"}],"version-history":[{"count":0,"href":"https:\/\/www.europesays.com\/fr\/wp-json\/wp\/v2\/posts\/302520\/revisions"}],"wp:featuredmedia":[{"embeddable":true,"href":"https:\/\/www.europesays.com\/fr\/wp-json\/wp\/v2\/media\/1445"}],"wp:attachment":[{"href":"https:\/\/www.europesays.com\/fr\/wp-json\/wp\/v2\/media?parent=302520"}],"wp:term":[{"taxonomy":"category","embeddable":true,"href":"https:\/\/www.europesays.com\/fr\/wp-json\/wp\/v2\/categories?post=302520"},{"taxonomy":"post_tag","embeddable":true,"href":"https:\/\/www.europesays.com\/fr\/wp-json\/wp\/v2\/tags?post=302520"}],"curies":[{"name":"wp","href":"https:\/\/api.w.org\/{rel}","templated":true}]}}