{"id":302521,"date":"2025-08-07T10:26:10","date_gmt":"2025-08-07T10:26:10","guid":{"rendered":"https:\/\/www.europesays.com\/fr\/302521\/"},"modified":"2025-08-07T10:26:10","modified_gmt":"2025-08-07T10:26:10","slug":"top-14-le-chronometre-sera-automatiquement-arrete-apres-chaque-penalite-ou-transformation","status":"publish","type":"post","link":"https:\/\/www.europesays.com\/fr\/302521\/","title":{"rendered":"TOP 14 &#8211; Le chronom\u00e8tre sera automatiquement arr\u00eat\u00e9 apr\u00e8s chaque p\u00e9nalit\u00e9 ou transformation !"},"content":{"rendered":"<p>La nouvelle saison de Top 14 approche \u00e0 grands pas.<\/p>\n<p>Celle-ci s\u2019accompagne de plusieurs ajustements qui vont changer l\u2019exp\u00e9rience des spectateurs\u2026 et la physionomie m\u00eame des matchs.<\/p>\n<p>C\u2019est un ajustement technique qui pourrait bien avoir des cons\u00e9quences concr\u00e8tes sur le rythme des matchs : <strong>d\u00e9sormais, le chronom\u00e8tre sera stopp\u00e9 syst\u00e9matiquement apr\u00e8s chaque p\u00e9nalit\u00e9 ou transformation<\/strong>.<\/p>\n<p>Une mesure discr\u00e8te, mais pens\u00e9e pour <strong>booster le temps de jeu effectif<\/strong>.<\/p>\n<p>L\u2019objectif est simple : <strong>r\u00e9duire les phases mortes<\/strong> et maximiser les minutes de jeu r\u00e9el.<\/p>\n<p>Selon les projections \u00e9tablies par les instances, cette nouveaut\u00e9 pourrait permettre de <strong>gagner environ trois minutes de temps de jeu effectif par rencontre<\/strong>, un gain significatif dans un sport o\u00f9 chaque seconde peut compter.<\/p>\n<p>\u00ab\u00a0Si l\u2019on d\u00e9cide collectivement d\u2019arr\u00eater le temps apr\u00e8s qu\u2019une p\u00e9nalit\u00e9 ou une transformation soit marqu\u00e9e, jusqu\u2019au retour au jeu, on gagnera en moyenne 3 minutes de temps de jeu effectif\u00a0\u00bb, explique un membre du corps arbitral, via <a href=\"https:\/\/www.rugbyrama.fr\/2025\/08\/06\/top-14pro-d2-un-veritable-carton-orange-des-plongeons-par-dessus-les-rucks-autorises-tout-comprendre-des-nouvelles-regles-avec-mathieu-raynal-12860774.php\" rel=\"nofollow noopener\" target=\"_blank\">Midi Olympique<\/a>.<\/p>\n<p>Avec cette \u00e9volution, le Top 14 continue sa modernisation, <strong>en qu\u00eate de fluidit\u00e9 et de spectacle<\/strong>, tout en s\u2019alignant partiellement sur les standards internationaux.<\/p>\n","protected":false},"excerpt":{"rendered":"La nouvelle saison de Top 14 approche \u00e0 grands pas. Celle-ci s\u2019accompagne de plusieurs ajustements qui vont changer&hellip;\n","protected":false},"author":2,"featured_media":302522,"comment_status":"","ping_status":"","sticky":false,"template":"","format":"standard","meta":{"footnotes":""},"categories":[1416],"tags":[1011,27,479,1468,60],"class_list":{"0":"post-302521","1":"post","2":"type-post","3":"status-publish","4":"format-standard","5":"has-post-thumbnail","7":"category-rugby","8":"tag-fr","9":"tag-france","10":"tag-rugby","11":"tag-rugby-football","12":"tag-sports"},"share_on_mastodon":{"url":"https:\/\/pubeurope.com\/@fr\/114987006968855611","error":""},"_links":{"self":[{"href":"https:\/\/www.europesays.com\/fr\/wp-json\/wp\/v2\/posts\/302521","targetHints":{"allow":["GET"]}}],"collection":[{"href":"https:\/\/www.europesays.com\/fr\/wp-json\/wp\/v2\/posts"}],"about":[{"href":"https:\/\/www.europesays.com\/fr\/wp-json\/wp\/v2\/types\/post"}],"author":[{"embeddable":true,"href":"https:\/\/www.europesays.com\/fr\/wp-json\/wp\/v2\/users\/2"}],"replies":[{"embeddable":true,"href":"https:\/\/www.europesays.com\/fr\/wp-json\/wp\/v2\/comments?post=302521"}],"version-history":[{"count":0,"href":"https:\/\/www.europesays.com\/fr\/wp-json\/wp\/v2\/posts\/302521\/revisions"}],"wp:featuredmedia":[{"embeddable":true,"href":"https:\/\/www.europesays.com\/fr\/wp-json\/wp\/v2\/media\/302522"}],"wp:attachment":[{"href":"https:\/\/www.europesays.com\/fr\/wp-json\/wp\/v2\/media?parent=302521"}],"wp:term":[{"taxonomy":"category","embeddable":true,"href":"https:\/\/www.europesays.com\/fr\/wp-json\/wp\/v2\/categories?post=302521"},{"taxonomy":"post_tag","embeddable":true,"href":"https:\/\/www.europesays.com\/fr\/wp-json\/wp\/v2\/tags?post=302521"}],"curies":[{"name":"wp","href":"https:\/\/api.w.org\/{rel}","templated":true}]}}